{"id":6323,"date":"2019-11-08T16:00:32","date_gmt":"2019-11-08T15:00:32","guid":{"rendered":"http:\/\/agora.xtec.cat\/escjoanardevol\/?p=6323"},"modified":"2019-11-08T00:13:50","modified_gmt":"2019-11-07T23:13:50","slug":"5e-a-santes-creus","status":"publish","type":"post","link":"https:\/\/agora.xtec.cat\/escjoanardevol\/portada\/5e-a-santes-creus\/","title":{"rendered":"5\u00e8 a Santes Creus"},"content":{"rendered":"<p>El dimecres, 6 de novembre, els alumnes de 5\u00e8 vam visitar el Reial Monestir de Santes Creus. Vam poder veure el monestir que est\u00e0 molt ben conservat, visitar les diverses estances i comprendre com es vivia a l&#8217;\u00e8poca d&#8217;esplendor del monestir, l&#8217;\u00e8poca medieval. Vam veure les tombes de Pere el Gran, Jaume II i Blanca d&#8217;Anjou que estan enterrats a la mateixa esgl\u00e9sia.<\/p>\n<p><a href=\"https:\/\/photos.app.goo.gl\/RUf8id5pzaKEzdmm9\" target=\"_blank\" rel=\"noopener noreferrer\"><img loading=\"lazy\" decoding=\"async\" class=\"alignleft wp-image-6324 size-large\" src=\"https:\/\/agora.xtec.cat\/escjoanardevol\/wp-content\/uploads\/usu550\/2019\/11\/IMG_20191106_153530-c\u00f2pia-1024x472.jpg\" alt=\"\" width=\"1024\" height=\"472\" srcset=\"https:\/\/agora.xtec.cat\/escjoanardevol\/wp-content\/uploads\/usu550\/2019\/11\/IMG_20191106_153530-c\u00f2pia-1024x472.jpg 1024w, https:\/\/agora.xtec.cat\/escjoanardevol\/wp-content\/uploads\/usu550\/2019\/11\/IMG_20191106_153530-c\u00f2pia-300x138.jpg 300w, https:\/\/agora.xtec.cat\/escjoanardevol\/wp-content\/uploads\/usu550\/2019\/11\/IMG_20191106_153530-c\u00f2pia-768x354.jpg 768w\" sizes=\"auto, (max-width: 1024px) 100vw, 1024px\" \/><\/a><\/p>\n","protected":false},"excerpt":{"rendered":"<p>El dimecres, 6 de novembre, els alumnes de 5\u00e8 vam visitar el Reial Monestir de Santes Creus. Vam poder veure el monestir que est\u00e0 molt ben conservat, visitar les diverses estances i comprendre com es vivia a l&#8217;\u00e8poca d&#8217;esplendor del monestir, l&#8217;\u00e8poca medieval. Vam veure&hellip;  <a href=\"https:\/\/agora.xtec.cat\/escjoanardevol\/portada\/5e-a-santes-creus\/\" title=\"Read 5\u00e8 a Santes Creus\">Llegeix m\u00e9s\u00bb<\/a><\/p>\n","protected":false},"author":1,"featured_media":6324,"comment_status":"closed","ping_status":"closed","sticky":false,"template":"","format":"standard","meta":{"_bbp_topic_count":0,"_bbp_reply_count":0,"_bbp_total_topic_count":0,"_bbp_total_reply_count":0,"_bbp_voice_count":0,"_bbp_anonymous_reply_count":0,"_bbp_topic_count_hidden":0,"_bbp_reply_count_hidden":0,"_bbp_forum_subforum_count":0,"footnotes":""},"categories":[14,4],"tags":[77,93,140,144,16],"class_list":["post-6323","post","type-post","status-publish","format-standard","has-post-thumbnail","hentry","category-5e","category-portada","tag-cicle-superior-2","tag-convivencia","tag-medi","tag-museus","tag-sortides"],"post_mailing_queue_ids":[],"_links":{"self":[{"href":"https:\/\/agora.xtec.cat\/escjoanardevol\/wp-json\/wp\/v2\/posts\/6323","targetHints":{"allow":["GET"]}}],"collection":[{"href":"https:\/\/agora.xtec.cat\/escjoanardevol\/wp-json\/wp\/v2\/posts"}],"about":[{"href":"https:\/\/agora.xtec.cat\/escjoanardevol\/wp-json\/wp\/v2\/types\/post"}],"author":[{"embeddable":true,"href":"https:\/\/agora.xtec.cat\/escjoanardevol\/wp-json\/wp\/v2\/users\/1"}],"replies":[{"embeddable":true,"href":"https:\/\/agora.xtec.cat\/escjoanardevol\/wp-json\/wp\/v2\/comments?post=6323"}],"version-history":[{"count":1,"href":"https:\/\/agora.xtec.cat\/escjoanardevol\/wp-json\/wp\/v2\/posts\/6323\/revisions"}],"predecessor-version":[{"id":6325,"href":"https:\/\/agora.xtec.cat\/escjoanardevol\/wp-json\/wp\/v2\/posts\/6323\/revisions\/6325"}],"wp:featuredmedia":[{"embeddable":true,"href":"https:\/\/agora.xtec.cat\/escjoanardevol\/wp-json\/wp\/v2\/media\/6324"}],"wp:attachment":[{"href":"https:\/\/agora.xtec.cat\/escjoanardevol\/wp-json\/wp\/v2\/media?parent=6323"}],"wp:term":[{"taxonomy":"category","embeddable":true,"href":"https:\/\/agora.xtec.cat\/escjoanardevol\/wp-json\/wp\/v2\/categories?post=6323"},{"taxonomy":"post_tag","embeddable":true,"href":"https:\/\/agora.xtec.cat\/escjoanardevol\/wp-json\/wp\/v2\/tags?post=6323"}],"curies":[{"name":"wp","href":"https:\/\/api.w.org\/{rel}","templated":true}]}}