{"id":6242,"date":"2019-10-02T13:46:55","date_gmt":"2019-10-02T11:46:55","guid":{"rendered":"http:\/\/agora.xtec.cat\/escjoanardevol\/?p=6242"},"modified":"2019-10-02T13:51:11","modified_gmt":"2019-10-02T11:51:11","slug":"menjador-taula-de-la-descoberta","status":"publish","type":"post","link":"https:\/\/agora.xtec.cat\/escjoanardevol\/portada\/menjador-taula-de-la-descoberta\/","title":{"rendered":"Menjador: taula de la descoberta"},"content":{"rendered":"<p>Seguint la proposta de l&#8217;Agencia de Salut Publica de Catalunya, el passat divendres 27 de setembre els nostres nens i nenes del menjador van gaudir d&#8217;una taula de la descoberta, on van apendre i con\u00e9ixer de forma experimental i l\u00fadica, petits canvis per menjar millor. Es van promoure h\u00e0bits saludables per millorar l&#8217;alimentaci\u00f3 infantil.<\/p>\n<p><img loading=\"lazy\" decoding=\"async\" class=\"alignleft wp-image-6243\" src=\"https:\/\/agora.xtec.cat\/escjoanardevol\/wp-content\/uploads\/usu550\/2019\/10\/IMG-20190927-WA0068-1024x576.jpg\" alt=\"\" width=\"500\" height=\"281\" srcset=\"https:\/\/agora.xtec.cat\/escjoanardevol\/wp-content\/uploads\/usu550\/2019\/10\/IMG-20190927-WA0068-1024x576.jpg 1024w, https:\/\/agora.xtec.cat\/escjoanardevol\/wp-content\/uploads\/usu550\/2019\/10\/IMG-20190927-WA0068-300x169.jpg 300w, https:\/\/agora.xtec.cat\/escjoanardevol\/wp-content\/uploads\/usu550\/2019\/10\/IMG-20190927-WA0068-768x432.jpg 768w, https:\/\/agora.xtec.cat\/escjoanardevol\/wp-content\/uploads\/usu550\/2019\/10\/IMG-20190927-WA0068.jpg 1600w\" sizes=\"auto, (max-width: 500px) 100vw, 500px\" \/>\u00a0 <img loading=\"lazy\" decoding=\"async\" class=\"alignleft wp-image-6245\" src=\"https:\/\/agora.xtec.cat\/escjoanardevol\/wp-content\/uploads\/usu550\/2019\/10\/IMG-20190927-WA0075-1024x576.jpg\" alt=\"\" width=\"500\" height=\"281\" srcset=\"https:\/\/agora.xtec.cat\/escjoanardevol\/wp-content\/uploads\/usu550\/2019\/10\/IMG-20190927-WA0075-1024x576.jpg 1024w, https:\/\/agora.xtec.cat\/escjoanardevol\/wp-content\/uploads\/usu550\/2019\/10\/IMG-20190927-WA0075-300x169.jpg 300w, https:\/\/agora.xtec.cat\/escjoanardevol\/wp-content\/uploads\/usu550\/2019\/10\/IMG-20190927-WA0075-768x432.jpg 768w, https:\/\/agora.xtec.cat\/escjoanardevol\/wp-content\/uploads\/usu550\/2019\/10\/IMG-20190927-WA0075.jpg 1600w\" sizes=\"auto, (max-width: 500px) 100vw, 500px\" \/> <img loading=\"lazy\" decoding=\"async\" class=\"alignleft wp-image-6246\" src=\"https:\/\/agora.xtec.cat\/escjoanardevol\/wp-content\/uploads\/usu550\/2019\/10\/IMG-20190927-WA0081-576x1024.jpg\" alt=\"\" width=\"500\" height=\"889\" srcset=\"https:\/\/agora.xtec.cat\/escjoanardevol\/wp-content\/uploads\/usu550\/2019\/10\/IMG-20190927-WA0081-576x1024.jpg 576w, https:\/\/agora.xtec.cat\/escjoanardevol\/wp-content\/uploads\/usu550\/2019\/10\/IMG-20190927-WA0081-169x300.jpg 169w, https:\/\/agora.xtec.cat\/escjoanardevol\/wp-content\/uploads\/usu550\/2019\/10\/IMG-20190927-WA0081-768x1365.jpg 768w, https:\/\/agora.xtec.cat\/escjoanardevol\/wp-content\/uploads\/usu550\/2019\/10\/IMG-20190927-WA0081.jpg 900w\" sizes=\"auto, (max-width: 500px) 100vw, 500px\" \/><img loading=\"lazy\" decoding=\"async\" class=\"alignleft wp-image-6244\" src=\"https:\/\/agora.xtec.cat\/escjoanardevol\/wp-content\/uploads\/usu550\/2019\/10\/IMG-20190927-WA0070-576x1024.jpg\" alt=\"\" width=\"500\" height=\"889\" srcset=\"https:\/\/agora.xtec.cat\/escjoanardevol\/wp-content\/uploads\/usu550\/2019\/10\/IMG-20190927-WA0070-576x1024.jpg 576w, https:\/\/agora.xtec.cat\/escjoanardevol\/wp-content\/uploads\/usu550\/2019\/10\/IMG-20190927-WA0070-169x300.jpg 169w, https:\/\/agora.xtec.cat\/escjoanardevol\/wp-content\/uploads\/usu550\/2019\/10\/IMG-20190927-WA0070-768x1365.jpg 768w, https:\/\/agora.xtec.cat\/escjoanardevol\/wp-content\/uploads\/usu550\/2019\/10\/IMG-20190927-WA0070.jpg 900w\" sizes=\"auto, (max-width: 500px) 100vw, 500px\" \/><\/p>\n","protected":false},"excerpt":{"rendered":"<p>Seguint la proposta de l&#8217;Agencia de Salut Publica de Catalunya, el passat divendres 27 de setembre els nostres nens i nenes del menjador van gaudir d&#8217;una taula de la descoberta, on van apendre i con\u00e9ixer de forma experimental i l\u00fadica, petits canvis per menjar millor.&hellip;  <a href=\"https:\/\/agora.xtec.cat\/escjoanardevol\/portada\/menjador-taula-de-la-descoberta\/\" title=\"Read Menjador: taula de la descoberta\">Llegeix m\u00e9s\u00bb<\/a><\/p>\n","protected":false},"author":1,"featured_media":6243,"comment_status":"closed","ping_status":"closed","sticky":false,"template":"","format":"standard","meta":{"_bbp_topic_count":0,"_bbp_reply_count":0,"_bbp_total_topic_count":0,"_bbp_total_reply_count":0,"_bbp_voice_count":0,"_bbp_anonymous_reply_count":0,"_bbp_topic_count_hidden":0,"_bbp_reply_count_hidden":0,"_bbp_forum_subforum_count":0,"footnotes":""},"categories":[4],"tags":[59,75,76,77,103,141],"class_list":["post-6242","post","type-post","status-publish","format-standard","has-post-thumbnail","hentry","category-portada","tag-activitats","tag-cicle-inicial","tag-cicle-mitja","tag-cicle-superior-2","tag-educacio-infantil","tag-menjador"],"post_mailing_queue_ids":[],"_links":{"self":[{"href":"https:\/\/agora.xtec.cat\/escjoanardevol\/wp-json\/wp\/v2\/posts\/6242","targetHints":{"allow":["GET"]}}],"collection":[{"href":"https:\/\/agora.xtec.cat\/escjoanardevol\/wp-json\/wp\/v2\/posts"}],"about":[{"href":"https:\/\/agora.xtec.cat\/escjoanardevol\/wp-json\/wp\/v2\/types\/post"}],"author":[{"embeddable":true,"href":"https:\/\/agora.xtec.cat\/escjoanardevol\/wp-json\/wp\/v2\/users\/1"}],"replies":[{"embeddable":true,"href":"https:\/\/agora.xtec.cat\/escjoanardevol\/wp-json\/wp\/v2\/comments?post=6242"}],"version-history":[{"count":1,"href":"https:\/\/agora.xtec.cat\/escjoanardevol\/wp-json\/wp\/v2\/posts\/6242\/revisions"}],"predecessor-version":[{"id":6247,"href":"https:\/\/agora.xtec.cat\/escjoanardevol\/wp-json\/wp\/v2\/posts\/6242\/revisions\/6247"}],"wp:featuredmedia":[{"embeddable":true,"href":"https:\/\/agora.xtec.cat\/escjoanardevol\/wp-json\/wp\/v2\/media\/6243"}],"wp:attachment":[{"href":"https:\/\/agora.xtec.cat\/escjoanardevol\/wp-json\/wp\/v2\/media?parent=6242"}],"wp:term":[{"taxonomy":"category","embeddable":true,"href":"https:\/\/agora.xtec.cat\/escjoanardevol\/wp-json\/wp\/v2\/categories?post=6242"},{"taxonomy":"post_tag","embeddable":true,"href":"https:\/\/agora.xtec.cat\/escjoanardevol\/wp-json\/wp\/v2\/tags?post=6242"}],"curies":[{"name":"wp","href":"https:\/\/api.w.org\/{rel}","templated":true}]}}