{"id":6236,"date":"2019-09-17T20:49:17","date_gmt":"2019-09-17T18:49:17","guid":{"rendered":"http:\/\/agora.xtec.cat\/escjoanardevol\/?p=6236"},"modified":"2019-10-02T13:50:48","modified_gmt":"2019-10-02T11:50:48","slug":"ajuts-llibres-i-material-escolar-curs-2019-2020","status":"publish","type":"post","link":"https:\/\/agora.xtec.cat\/escjoanardevol\/general\/ajuts-llibres-i-material-escolar-curs-2019-2020\/","title":{"rendered":"AJUTS LLIBRES I MATERIAL ESCOLAR CURS 2019-2020"},"content":{"rendered":"<p>L\u2019Ajuntament de Cambrils ha convocat ajuts per a llibres i material escolar per al curs 2019-2020.<br \/>\nEs poden presentar les sol\u00b7licituds del 30 de setembre al 18 d\u2019octubre (ambd\u00f3s inclosos).<br \/>\nJa es pot demanar cita pr\u00e8via a l\u2019OAC o al tel. 977794579.<br \/>\n<a href=\"https:\/\/agora.xtec.cat\/escjoanardevol\/wp-content\/uploads\/usu550\/2019\/09\/Requisits-i-documentaci\u00f3-Ajuts2019.pdf\" target=\"_blank\" rel=\"noopener noreferrer\">Adjuntem informaci\u00f3 facilitada per l\u2019Ajuntament<\/a> amb els requisits i la documentaci\u00f3 necess\u00e0ria per acreditar la situaci\u00f3 econ\u00f2mica, laboral i familiar.<br \/>\nPodreu trobar m\u00e9s informaci\u00f3 a <a href=\"https:\/\/seu.cambrils.cat\" target=\"_blank\" rel=\"noopener noreferrer\">https:\/\/seu.cambrils.cat<\/a><\/p>\n","protected":false},"excerpt":{"rendered":"<p>L\u2019Ajuntament de Cambrils ha convocat ajuts per a llibres i material escolar per al curs 2019-2020.<br \/>\nEs poden presentar les sol\u00b7licituds del 30 de setembre al 18 d\u2019octubre (ambd\u00f3s inclosos).<br \/>\nJa es pot demanar cita pr\u00e8via a l\u2019OAC o al tel. 977794579.<br \/>\n<a href=\"https:\/\/agora.xtec.cat\/escjoanardevol\/wp-content\/uploads\/usu550\/2019\/09\/Requisits-i-documentaci\u00f3-Ajuts2019.pdf\" target=\"_blank\" rel=\"noopener noreferrer\">Adjuntem informaci\u00f3&hellip;  <a href=\"https:\/\/agora.xtec.cat\/escjoanardevol\/general\/ajuts-llibres-i-material-escolar-curs-2019-2020\/\" title=\"Read AJUTS LLIBRES I MATERIAL ESCOLAR CURS 2019-2020\">Llegeix m\u00e9s\u00bb<\/a><\/p>\n","protected":false},"author":1,"featured_media":0,"comment_status":"closed","ping_status":"closed","sticky":false,"template":"","format":"standard","meta":{"_bbp_topic_count":0,"_bbp_reply_count":0,"_bbp_total_topic_count":0,"_bbp_total_reply_count":0,"_bbp_voice_count":0,"_bbp_anonymous_reply_count":0,"_bbp_topic_count_hidden":0,"_bbp_reply_count_hidden":0,"_bbp_forum_subforum_count":0,"footnotes":""},"categories":[1,4],"tags":[240,61,66],"class_list":["post-6236","post","type-post","status-publish","format-standard","hentry","category-general","category-portada","tag-ajuntament","tag-ajuts","tag-beques"],"post_mailing_queue_ids":[],"_links":{"self":[{"href":"https:\/\/agora.xtec.cat\/escjoanardevol\/wp-json\/wp\/v2\/posts\/6236","targetHints":{"allow":["GET"]}}],"collection":[{"href":"https:\/\/agora.xtec.cat\/escjoanardevol\/wp-json\/wp\/v2\/posts"}],"about":[{"href":"https:\/\/agora.xtec.cat\/escjoanardevol\/wp-json\/wp\/v2\/types\/post"}],"author":[{"embeddable":true,"href":"https:\/\/agora.xtec.cat\/escjoanardevol\/wp-json\/wp\/v2\/users\/1"}],"replies":[{"embeddable":true,"href":"https:\/\/agora.xtec.cat\/escjoanardevol\/wp-json\/wp\/v2\/comments?post=6236"}],"version-history":[{"count":1,"href":"https:\/\/agora.xtec.cat\/escjoanardevol\/wp-json\/wp\/v2\/posts\/6236\/revisions"}],"predecessor-version":[{"id":6238,"href":"https:\/\/agora.xtec.cat\/escjoanardevol\/wp-json\/wp\/v2\/posts\/6236\/revisions\/6238"}],"wp:attachment":[{"href":"https:\/\/agora.xtec.cat\/escjoanardevol\/wp-json\/wp\/v2\/media?parent=6236"}],"wp:term":[{"taxonomy":"category","embeddable":true,"href":"https:\/\/agora.xtec.cat\/escjoanardevol\/wp-json\/wp\/v2\/categories?post=6236"},{"taxonomy":"post_tag","embeddable":true,"href":"https:\/\/agora.xtec.cat\/escjoanardevol\/wp-json\/wp\/v2\/tags?post=6236"}],"curies":[{"name":"wp","href":"https:\/\/api.w.org\/{rel}","templated":true}]}}