{"id":6197,"date":"2019-06-20T13:15:32","date_gmt":"2019-06-20T11:15:32","guid":{"rendered":"http:\/\/agora.xtec.cat\/escjoanardevol\/?p=6197"},"modified":"2019-06-20T13:15:32","modified_gmt":"2019-06-20T11:15:32","slug":"premis-biblioteca","status":"publish","type":"post","link":"https:\/\/agora.xtec.cat\/escjoanardevol\/infantil\/premis-biblioteca\/","title":{"rendered":"Premis biblioteca"},"content":{"rendered":"<p>Avui, 20 de juny, ha tingut lloc l\u2019acte de lliurament dels premis que, com cada any, convoca la biblioteca de l\u2019escola. Aquest curs ha estat un acte molt emotiu, ja que ha estat la Fada Flor l\u2019encarregada de repartir aquests premis.<br \/>\nEl diploma de l\u2019ALUMNE M\u00c9S LECTOR de l\u2019escola ha estat per l\u2019Iker, que cursa primer B. L\u2019Iker tamb\u00e9 ha aconseguit el primer premi del JOC DE LECTURA, i ha guanyat un lot de material escolar.<br \/>\nLa classe de tercer B ha aconseguit el diploma a LA CLASSE M\u00c9S LECTORA d&#8217;aquest curs, amb el major nombre d&#8217;alumnes per aula en agafar llibres en pr\u00e9stec.<br \/>\nContinuarem treballant per fomentar el gust per la lectura i animar als nens de la nostra escola perqu\u00e8 llegeixin llibres com a valor intr\u00ednsec del nostre tarann\u00e0 i manera de fer.<br \/>\nGr\u00e0cies a tots i fins l\u2019any que ve!!!<\/p>\n<p><a href=\"https:\/\/photos.app.goo.gl\/4nWyxuagCJn2dzyY9\" target=\"_blank\" rel=\"noopener noreferrer\"><img loading=\"lazy\" decoding=\"async\" class=\"alignleft wp-image-6198 size-medium\" src=\"https:\/\/agora.xtec.cat\/escjoanardevol\/wp-content\/uploads\/usu550\/2019\/06\/DSC_0109-c\u00f2pia-300x200.jpg\" alt=\"\" width=\"300\" height=\"200\" srcset=\"https:\/\/agora.xtec.cat\/escjoanardevol\/wp-content\/uploads\/usu550\/2019\/06\/DSC_0109-c\u00f2pia-300x200.jpg 300w, https:\/\/agora.xtec.cat\/escjoanardevol\/wp-content\/uploads\/usu550\/2019\/06\/DSC_0109-c\u00f2pia-768x512.jpg 768w, https:\/\/agora.xtec.cat\/escjoanardevol\/wp-content\/uploads\/usu550\/2019\/06\/DSC_0109-c\u00f2pia-1024x683.jpg 1024w\" sizes=\"auto, (max-width: 300px) 100vw, 300px\" \/><\/a><\/p>\n","protected":false},"excerpt":{"rendered":"<p>Avui, 20 de juny, ha tingut lloc l\u2019acte de lliurament dels premis que, com cada any, convoca la biblioteca de l\u2019escola. Aquest curs ha estat un acte molt emotiu, ja que ha estat la Fada Flor l\u2019encarregada de repartir aquests premis.<br \/>\nEl diploma de l\u2019ALUMNE M\u00c9S&hellip;  <a href=\"https:\/\/agora.xtec.cat\/escjoanardevol\/infantil\/premis-biblioteca\/\" title=\"Read Premis biblioteca\">Llegeix m\u00e9s\u00bb<\/a><\/p>\n","protected":false},"author":1,"featured_media":6198,"comment_status":"closed","ping_status":"closed","sticky":false,"template":"","format":"standard","meta":{"_bbp_topic_count":0,"_bbp_reply_count":0,"_bbp_total_topic_count":0,"_bbp_total_reply_count":0,"_bbp_voice_count":0,"_bbp_anonymous_reply_count":0,"_bbp_topic_count_hidden":0,"_bbp_reply_count_hidden":0,"_bbp_forum_subforum_count":0,"footnotes":""},"categories":[2,4,5],"tags":[59,67,75,76,77,130,133,160],"class_list":["post-6197","post","type-post","status-publish","format-standard","has-post-thumbnail","hentry","category-infantil","category-portada","category-primaria","tag-activitats","tag-biblioteca","tag-cicle-inicial","tag-cicle-mitja","tag-cicle-superior-2","tag-lectura","tag-llibres","tag-premis"],"post_mailing_queue_ids":[],"_links":{"self":[{"href":"https:\/\/agora.xtec.cat\/escjoanardevol\/wp-json\/wp\/v2\/posts\/6197","targetHints":{"allow":["GET"]}}],"collection":[{"href":"https:\/\/agora.xtec.cat\/escjoanardevol\/wp-json\/wp\/v2\/posts"}],"about":[{"href":"https:\/\/agora.xtec.cat\/escjoanardevol\/wp-json\/wp\/v2\/types\/post"}],"author":[{"embeddable":true,"href":"https:\/\/agora.xtec.cat\/escjoanardevol\/wp-json\/wp\/v2\/users\/1"}],"replies":[{"embeddable":true,"href":"https:\/\/agora.xtec.cat\/escjoanardevol\/wp-json\/wp\/v2\/comments?post=6197"}],"version-history":[{"count":1,"href":"https:\/\/agora.xtec.cat\/escjoanardevol\/wp-json\/wp\/v2\/posts\/6197\/revisions"}],"predecessor-version":[{"id":6199,"href":"https:\/\/agora.xtec.cat\/escjoanardevol\/wp-json\/wp\/v2\/posts\/6197\/revisions\/6199"}],"wp:featuredmedia":[{"embeddable":true,"href":"https:\/\/agora.xtec.cat\/escjoanardevol\/wp-json\/wp\/v2\/media\/6198"}],"wp:attachment":[{"href":"https:\/\/agora.xtec.cat\/escjoanardevol\/wp-json\/wp\/v2\/media?parent=6197"}],"wp:term":[{"taxonomy":"category","embeddable":true,"href":"https:\/\/agora.xtec.cat\/escjoanardevol\/wp-json\/wp\/v2\/categories?post=6197"},{"taxonomy":"post_tag","embeddable":true,"href":"https:\/\/agora.xtec.cat\/escjoanardevol\/wp-json\/wp\/v2\/tags?post=6197"}],"curies":[{"name":"wp","href":"https:\/\/api.w.org\/{rel}","templated":true}]}}