{"id":6185,"date":"2019-06-10T05:26:18","date_gmt":"2019-06-10T03:26:18","guid":{"rendered":"http:\/\/agora.xtec.cat\/escjoanardevol\/?p=6185"},"modified":"2019-06-11T09:05:20","modified_gmt":"2019-06-11T07:05:20","slug":"colonies-de-cicle-mitja","status":"publish","type":"post","link":"https:\/\/agora.xtec.cat\/escjoanardevol\/general\/colonies-de-cicle-mitja\/","title":{"rendered":"Col\u00f2nies de cicle mitj\u00e0"},"content":{"rendered":"<p>Els dies 3 i 4 de juny han estat molt especials per als nens i nenes de cicle mitj\u00e0. Els hem passat a la casa de col\u00f2nies \u201cla Capella\u201d, a prop de Poblet.<\/p>\n<p>Vam visitar el conegut monestir de la ruta del Cister. Despr\u00e9s, vam con\u00e8ixer la finca on est\u00e0 situada la inoblidable casa de col\u00f2nies. All\u00ed ens esperaven m\u00faltiples activitats i jocs de tot tipus. Han estat uns dies \u00fanics, que de ben segur tots recordarem.<\/p>\n<p>Us convidem a veure les fotos per fer-vos una idea de tot el que vam poder viure.<\/p>\n<p><a href=\"https:\/\/photos.app.goo.gl\/Ub5qqYkXMzCzJJPh7\" target=\"_blank\" rel=\"noopener noreferrer\"><img loading=\"lazy\" decoding=\"async\" class=\"alignleft wp-image-6186 size-medium\" src=\"https:\/\/agora.xtec.cat\/escjoanardevol\/wp-content\/uploads\/usu550\/2019\/06\/unnamed-2-c\u00f2pia-300x225.jpg\" alt=\"\" width=\"300\" height=\"225\" srcset=\"https:\/\/agora.xtec.cat\/escjoanardevol\/wp-content\/uploads\/usu550\/2019\/06\/unnamed-2-c\u00f2pia-300x225.jpg 300w, https:\/\/agora.xtec.cat\/escjoanardevol\/wp-content\/uploads\/usu550\/2019\/06\/unnamed-2-c\u00f2pia-768x576.jpg 768w, https:\/\/agora.xtec.cat\/escjoanardevol\/wp-content\/uploads\/usu550\/2019\/06\/unnamed-2-c\u00f2pia-1024x768.jpg 1024w, https:\/\/agora.xtec.cat\/escjoanardevol\/wp-content\/uploads\/usu550\/2019\/06\/unnamed-2-c\u00f2pia-200x150.jpg 200w, https:\/\/agora.xtec.cat\/escjoanardevol\/wp-content\/uploads\/usu550\/2019\/06\/unnamed-2-c\u00f2pia.jpg 2016w\" sizes=\"auto, (max-width: 300px) 100vw, 300px\" \/><\/a><\/p>\n","protected":false},"excerpt":{"rendered":"<p>Els dies 3 i 4 de juny han estat molt especials per als nens i nenes de cicle mitj\u00e0. Els hem passat a la casa de col\u00f2nies \u201cla Capella\u201d, a prop de Poblet.<br \/>\nVam visitar el conegut monestir de la ruta del Cister. Despr\u00e9s, vam con\u00e8ixer&hellip;  <a href=\"https:\/\/agora.xtec.cat\/escjoanardevol\/general\/colonies-de-cicle-mitja\/\" title=\"Read Col\u00f2nies de cicle mitj\u00e0\">Llegeix m\u00e9s\u00bb<\/a><\/p>\n","protected":false},"author":1,"featured_media":6186,"comment_status":"closed","ping_status":"closed","sticky":false,"template":"","format":"standard","meta":{"_bbp_topic_count":0,"_bbp_reply_count":0,"_bbp_total_topic_count":0,"_bbp_total_reply_count":0,"_bbp_voice_count":0,"_bbp_anonymous_reply_count":0,"_bbp_topic_count_hidden":0,"_bbp_reply_count_hidden":0,"_bbp_forum_subforum_count":0,"footnotes":""},"categories":[12,13,1,4],"tags":[59,76,86,93,16,182],"class_list":["post-6185","post","type-post","status-publish","format-standard","has-post-thumbnail","hentry","category-3r","category-4t","category-general","category-portada","tag-activitats","tag-cicle-mitja","tag-colonies","tag-convivencia","tag-sortides","tag-treball"],"post_mailing_queue_ids":[],"_links":{"self":[{"href":"https:\/\/agora.xtec.cat\/escjoanardevol\/wp-json\/wp\/v2\/posts\/6185","targetHints":{"allow":["GET"]}}],"collection":[{"href":"https:\/\/agora.xtec.cat\/escjoanardevol\/wp-json\/wp\/v2\/posts"}],"about":[{"href":"https:\/\/agora.xtec.cat\/escjoanardevol\/wp-json\/wp\/v2\/types\/post"}],"author":[{"embeddable":true,"href":"https:\/\/agora.xtec.cat\/escjoanardevol\/wp-json\/wp\/v2\/users\/1"}],"replies":[{"embeddable":true,"href":"https:\/\/agora.xtec.cat\/escjoanardevol\/wp-json\/wp\/v2\/comments?post=6185"}],"version-history":[{"count":1,"href":"https:\/\/agora.xtec.cat\/escjoanardevol\/wp-json\/wp\/v2\/posts\/6185\/revisions"}],"predecessor-version":[{"id":6187,"href":"https:\/\/agora.xtec.cat\/escjoanardevol\/wp-json\/wp\/v2\/posts\/6185\/revisions\/6187"}],"wp:featuredmedia":[{"embeddable":true,"href":"https:\/\/agora.xtec.cat\/escjoanardevol\/wp-json\/wp\/v2\/media\/6186"}],"wp:attachment":[{"href":"https:\/\/agora.xtec.cat\/escjoanardevol\/wp-json\/wp\/v2\/media?parent=6185"}],"wp:term":[{"taxonomy":"category","embeddable":true,"href":"https:\/\/agora.xtec.cat\/escjoanardevol\/wp-json\/wp\/v2\/categories?post=6185"},{"taxonomy":"post_tag","embeddable":true,"href":"https:\/\/agora.xtec.cat\/escjoanardevol\/wp-json\/wp\/v2\/tags?post=6185"}],"curies":[{"name":"wp","href":"https:\/\/api.w.org\/{rel}","templated":true}]}}