{"id":6111,"date":"2019-05-30T09:00:56","date_gmt":"2019-05-30T07:00:56","guid":{"rendered":"http:\/\/agora.xtec.cat\/escjoanardevol\/?p=6111"},"modified":"2019-05-29T22:43:40","modified_gmt":"2019-05-29T20:43:40","slug":"art-a-5e","status":"publish","type":"post","link":"https:\/\/agora.xtec.cat\/escjoanardevol\/general\/art-a-5e\/","title":{"rendered":"Art a 5\u00e8."},"content":{"rendered":"<p>Al llarg del segon i tercer trimestre els alumnes de 5\u00e8 hem gaudit amb la visita de tres artistes molt coneguts de la nostra poblaci\u00f3: La Nuri Marin\u00e9, el David Callau i el Pere Estadella. Amb ells hem apr\u00e8s t\u00e8cniques art\u00edstiques diferents i hem pogut desenvolupar la nostra creativitat. Aquesta activitat forma part d&#8217;un projecte de sensibilitzaci\u00f3 art\u00edstica impulsat per l&#8217;ajuntament. <a href=\"https:\/\/photos.app.goo.gl\/JwdFvuazy7WEWnyYA\" target=\"_blank\" rel=\"noopener noreferrer\"><img loading=\"lazy\" decoding=\"async\" class=\"alignleft wp-image-6112 size-medium\" title=\"Clica damunt l aimatge per accedir a tot l'\u00e0lbum\" src=\"https:\/\/agora.xtec.cat\/escjoanardevol\/wp-content\/uploads\/usu550\/2019\/05\/art-300x225.jpg\" alt=\"\" width=\"300\" height=\"225\" srcset=\"https:\/\/agora.xtec.cat\/escjoanardevol\/wp-content\/uploads\/usu550\/2019\/05\/art-300x225.jpg 300w, https:\/\/agora.xtec.cat\/escjoanardevol\/wp-content\/uploads\/usu550\/2019\/05\/art-768x576.jpg 768w, https:\/\/agora.xtec.cat\/escjoanardevol\/wp-content\/uploads\/usu550\/2019\/05\/art.jpg 1024w, https:\/\/agora.xtec.cat\/escjoanardevol\/wp-content\/uploads\/usu550\/2019\/05\/art-200x150.jpg 200w\" sizes=\"auto, (max-width: 300px) 100vw, 300px\" \/><\/a><\/p>\n","protected":false},"excerpt":{"rendered":"<p>Al llarg del segon i tercer trimestre els alumnes de 5\u00e8 hem gaudit amb la visita de tres artistes molt coneguts de la nostra poblaci\u00f3: La Nuri Marin\u00e9, el David Callau i el Pere Estadella. Amb ells hem apr\u00e8s t\u00e8cniques art\u00edstiques diferents i hem pogut&hellip;  <a href=\"https:\/\/agora.xtec.cat\/escjoanardevol\/general\/art-a-5e\/\" title=\"Read Art a 5\u00e8.\">Llegeix m\u00e9s\u00bb<\/a><\/p>\n","protected":false},"author":33,"featured_media":6112,"comment_status":"closed","ping_status":"closed","sticky":false,"template":"","format":"standard","meta":{"_bbp_topic_count":0,"_bbp_reply_count":0,"_bbp_total_topic_count":0,"_bbp_total_reply_count":0,"_bbp_voice_count":0,"_bbp_anonymous_reply_count":0,"_bbp_topic_count_hidden":0,"_bbp_reply_count_hidden":0,"_bbp_forum_subforum_count":0,"footnotes":""},"categories":[14,1,4,5],"tags":[77,82],"class_list":["post-6111","post","type-post","status-publish","format-standard","has-post-thumbnail","hentry","category-5e","category-general","category-portada","category-primaria","tag-cicle-superior-2","tag-cinque"],"post_mailing_queue_ids":[],"_links":{"self":[{"href":"https:\/\/agora.xtec.cat\/escjoanardevol\/wp-json\/wp\/v2\/posts\/6111","targetHints":{"allow":["GET"]}}],"collection":[{"href":"https:\/\/agora.xtec.cat\/escjoanardevol\/wp-json\/wp\/v2\/posts"}],"about":[{"href":"https:\/\/agora.xtec.cat\/escjoanardevol\/wp-json\/wp\/v2\/types\/post"}],"author":[{"embeddable":true,"href":"https:\/\/agora.xtec.cat\/escjoanardevol\/wp-json\/wp\/v2\/users\/33"}],"replies":[{"embeddable":true,"href":"https:\/\/agora.xtec.cat\/escjoanardevol\/wp-json\/wp\/v2\/comments?post=6111"}],"version-history":[{"count":3,"href":"https:\/\/agora.xtec.cat\/escjoanardevol\/wp-json\/wp\/v2\/posts\/6111\/revisions"}],"predecessor-version":[{"id":6147,"href":"https:\/\/agora.xtec.cat\/escjoanardevol\/wp-json\/wp\/v2\/posts\/6111\/revisions\/6147"}],"wp:featuredmedia":[{"embeddable":true,"href":"https:\/\/agora.xtec.cat\/escjoanardevol\/wp-json\/wp\/v2\/media\/6112"}],"wp:attachment":[{"href":"https:\/\/agora.xtec.cat\/escjoanardevol\/wp-json\/wp\/v2\/media?parent=6111"}],"wp:term":[{"taxonomy":"category","embeddable":true,"href":"https:\/\/agora.xtec.cat\/escjoanardevol\/wp-json\/wp\/v2\/categories?post=6111"},{"taxonomy":"post_tag","embeddable":true,"href":"https:\/\/agora.xtec.cat\/escjoanardevol\/wp-json\/wp\/v2\/tags?post=6111"}],"curies":[{"name":"wp","href":"https:\/\/api.w.org\/{rel}","templated":true}]}}