{"id":6103,"date":"2019-05-28T09:00:33","date_gmt":"2019-05-28T07:00:33","guid":{"rendered":"http:\/\/agora.xtec.cat\/escjoanardevol\/?p=6103"},"modified":"2019-05-26T11:28:44","modified_gmt":"2019-05-26T09:28:44","slug":"experiencies-matematiques-a-cs","status":"publish","type":"post","link":"https:\/\/agora.xtec.cat\/escjoanardevol\/general\/experiencies-matematiques-a-cs\/","title":{"rendered":"Experi\u00e8ncies matem\u00e0tiques a CS."},"content":{"rendered":"<p>El passat dimarts 21 de maig els alumnes de cicle superior vam visitar l&#8217;exposici\u00f3 &#8220;Experi\u00e8ncies Matem\u00e0tiques&#8221; ubicada al Moll de Costa del Port de Tarragona. Aquesta va ser una visita diferent ja que ens va permetre descobrir i treballar conceptes matem\u00e0tics nous i coneguts, a trav\u00e9s de la manipulaci\u00f3 i l\u2019experimentaci\u00f3. Tamb\u00e9 vam construir col\u00b7lectivament una &#8220;c\u00fapula de Leonardo&#8221;, una espectacular estructura de m\u00e9s de 4 m de di\u00e0metre que utilitza un sol model de pe\u00e7a que en encaixar-se amb altres iguals seguint un patr\u00f3 geom\u00e8tric, permet que l&#8217;estructura es sostengui. Va ser una experi\u00e8ncia molt divertida i educativa.<\/p>\n<p><a href=\"https:\/\/photos.app.goo.gl\/TnNzn2AzFwXqt3Kq9\" target=\"_blank\" rel=\"noopener noreferrer\"><img loading=\"lazy\" decoding=\"async\" class=\"alignleft wp-image-6104 size-large\" src=\"https:\/\/agora.xtec.cat\/escjoanardevol\/wp-content\/uploads\/usu550\/2019\/05\/Experi\u00e8ncies-matem\u00e0tiques-1024x768.jpg\" alt=\"\" width=\"1024\" height=\"768\" srcset=\"https:\/\/agora.xtec.cat\/escjoanardevol\/wp-content\/uploads\/usu550\/2019\/05\/Experi\u00e8ncies-matem\u00e0tiques.jpg 1024w, https:\/\/agora.xtec.cat\/escjoanardevol\/wp-content\/uploads\/usu550\/2019\/05\/Experi\u00e8ncies-matem\u00e0tiques-300x225.jpg 300w, https:\/\/agora.xtec.cat\/escjoanardevol\/wp-content\/uploads\/usu550\/2019\/05\/Experi\u00e8ncies-matem\u00e0tiques-768x576.jpg 768w, https:\/\/agora.xtec.cat\/escjoanardevol\/wp-content\/uploads\/usu550\/2019\/05\/Experi\u00e8ncies-matem\u00e0tiques-200x150.jpg 200w\" sizes=\"auto, (max-width: 1024px) 100vw, 1024px\" \/><\/a><\/p>\n<p>&nbsp;<\/p>\n<p>&nbsp;<\/p>\n","protected":false},"excerpt":{"rendered":"<p>El passat dimarts 21 de maig els alumnes de cicle superior vam visitar l&#8217;exposici\u00f3 &#8220;Experi\u00e8ncies Matem\u00e0tiques&#8221; ubicada al Moll de Costa del Port de Tarragona. Aquesta va ser una visita diferent ja que ens va permetre descobrir i treballar conceptes matem\u00e0tics nous i coneguts, a&hellip;  <a href=\"https:\/\/agora.xtec.cat\/escjoanardevol\/general\/experiencies-matematiques-a-cs\/\" title=\"Read Experi\u00e8ncies matem\u00e0tiques a CS.\">Llegeix m\u00e9s\u00bb<\/a><\/p>\n","protected":false},"author":33,"featured_media":6104,"comment_status":"closed","ping_status":"closed","sticky":false,"template":"","format":"standard","meta":{"_bbp_topic_count":0,"_bbp_reply_count":0,"_bbp_total_topic_count":0,"_bbp_total_reply_count":0,"_bbp_voice_count":0,"_bbp_anonymous_reply_count":0,"_bbp_topic_count_hidden":0,"_bbp_reply_count_hidden":0,"_bbp_forum_subforum_count":0,"footnotes":""},"categories":[14,15,1,4,5],"tags":[59,77,235,16],"class_list":["post-6103","post","type-post","status-publish","format-standard","has-post-thumbnail","hentry","category-5e","category-6e","category-general","category-portada","category-primaria","tag-activitats","tag-cicle-superior-2","tag-matematiques","tag-sortides"],"post_mailing_queue_ids":[],"_links":{"self":[{"href":"https:\/\/agora.xtec.cat\/escjoanardevol\/wp-json\/wp\/v2\/posts\/6103","targetHints":{"allow":["GET"]}}],"collection":[{"href":"https:\/\/agora.xtec.cat\/escjoanardevol\/wp-json\/wp\/v2\/posts"}],"about":[{"href":"https:\/\/agora.xtec.cat\/escjoanardevol\/wp-json\/wp\/v2\/types\/post"}],"author":[{"embeddable":true,"href":"https:\/\/agora.xtec.cat\/escjoanardevol\/wp-json\/wp\/v2\/users\/33"}],"replies":[{"embeddable":true,"href":"https:\/\/agora.xtec.cat\/escjoanardevol\/wp-json\/wp\/v2\/comments?post=6103"}],"version-history":[{"count":3,"href":"https:\/\/agora.xtec.cat\/escjoanardevol\/wp-json\/wp\/v2\/posts\/6103\/revisions"}],"predecessor-version":[{"id":6110,"href":"https:\/\/agora.xtec.cat\/escjoanardevol\/wp-json\/wp\/v2\/posts\/6103\/revisions\/6110"}],"wp:featuredmedia":[{"embeddable":true,"href":"https:\/\/agora.xtec.cat\/escjoanardevol\/wp-json\/wp\/v2\/media\/6104"}],"wp:attachment":[{"href":"https:\/\/agora.xtec.cat\/escjoanardevol\/wp-json\/wp\/v2\/media?parent=6103"}],"wp:term":[{"taxonomy":"category","embeddable":true,"href":"https:\/\/agora.xtec.cat\/escjoanardevol\/wp-json\/wp\/v2\/categories?post=6103"},{"taxonomy":"post_tag","embeddable":true,"href":"https:\/\/agora.xtec.cat\/escjoanardevol\/wp-json\/wp\/v2\/tags?post=6103"}],"curies":[{"name":"wp","href":"https:\/\/api.w.org\/{rel}","templated":true}]}}