{"id":6062,"date":"2019-05-07T11:44:02","date_gmt":"2019-05-07T09:44:02","guid":{"rendered":"http:\/\/agora.xtec.cat\/escjoanardevol\/?p=6062"},"modified":"2019-05-07T11:44:02","modified_gmt":"2019-05-07T09:44:02","slug":"una-familia-de-conills-a-p3","status":"publish","type":"post","link":"https:\/\/agora.xtec.cat\/escjoanardevol\/infantil\/una-familia-de-conills-a-p3\/","title":{"rendered":"Una fam\u00edlia de conills a P3"},"content":{"rendered":"<p>A P3, aquest trimestre estem realitzant el projecte del conill i quina millor manera d&#8217;aprendre com \u00e9s un conill que poder veure&#8217;l i tocar-lo. Aix\u00ed doncs, una nena de P-3 B, ens va portar una fam\u00edlia de conills a l&#8217;escola i vam poder aprendre molts conceptes sobre aquest animalet tan r\u00e0pid i entremaliat.<\/p>\n<p><a href=\"https:\/\/photos.app.goo.gl\/BNBX6YHza6fx6E2V6\" target=\"_blank\" rel=\"noopener\"><img loading=\"lazy\" decoding=\"async\" class=\"alignleft wp-image-6063 size-medium\" src=\"https:\/\/agora.xtec.cat\/escjoanardevol\/wp-content\/uploads\/usu550\/2019\/05\/IMG_8976-c\u00f2pia-300x225.jpg\" alt=\"\" width=\"300\" height=\"225\" srcset=\"https:\/\/agora.xtec.cat\/escjoanardevol\/wp-content\/uploads\/usu550\/2019\/05\/IMG_8976-c\u00f2pia-300x225.jpg 300w, https:\/\/agora.xtec.cat\/escjoanardevol\/wp-content\/uploads\/usu550\/2019\/05\/IMG_8976-c\u00f2pia-768x576.jpg 768w, https:\/\/agora.xtec.cat\/escjoanardevol\/wp-content\/uploads\/usu550\/2019\/05\/IMG_8976-c\u00f2pia-1024x768.jpg 1024w, https:\/\/agora.xtec.cat\/escjoanardevol\/wp-content\/uploads\/usu550\/2019\/05\/IMG_8976-c\u00f2pia-200x150.jpg 200w\" sizes=\"auto, (max-width: 300px) 100vw, 300px\" \/><\/a><\/p>\n","protected":false},"excerpt":{"rendered":"<p>A P3, aquest trimestre estem realitzant el projecte del conill i quina millor manera d&#8217;aprendre com \u00e9s un conill que poder veure&#8217;l i tocar-lo. Aix\u00ed doncs, una nena de P-3 B, ens va portar una fam\u00edlia de conills a l&#8217;escola i vam poder aprendre molts&hellip;  <a href=\"https:\/\/agora.xtec.cat\/escjoanardevol\/infantil\/una-familia-de-conills-a-p3\/\" title=\"Read Una fam\u00edlia de conills a P3\">Llegeix m\u00e9s\u00bb<\/a><\/p>\n","protected":false},"author":1,"featured_media":6063,"comment_status":"closed","ping_status":"closed","sticky":false,"template":"","format":"standard","meta":{"_bbp_topic_count":0,"_bbp_reply_count":0,"_bbp_total_topic_count":0,"_bbp_total_reply_count":0,"_bbp_voice_count":0,"_bbp_anonymous_reply_count":0,"_bbp_topic_count_hidden":0,"_bbp_reply_count_hidden":0,"_bbp_forum_subforum_count":0,"footnotes":""},"categories":[2,3,4],"tags":[59,237,103,140,182],"class_list":["post-6062","post","type-post","status-publish","format-standard","has-post-thumbnail","hentry","category-infantil","category-p3","category-portada","tag-activitats","tag-descoberta-de-lentorn","tag-educacio-infantil","tag-medi","tag-treball"],"post_mailing_queue_ids":[],"_links":{"self":[{"href":"https:\/\/agora.xtec.cat\/escjoanardevol\/wp-json\/wp\/v2\/posts\/6062","targetHints":{"allow":["GET"]}}],"collection":[{"href":"https:\/\/agora.xtec.cat\/escjoanardevol\/wp-json\/wp\/v2\/posts"}],"about":[{"href":"https:\/\/agora.xtec.cat\/escjoanardevol\/wp-json\/wp\/v2\/types\/post"}],"author":[{"embeddable":true,"href":"https:\/\/agora.xtec.cat\/escjoanardevol\/wp-json\/wp\/v2\/users\/1"}],"replies":[{"embeddable":true,"href":"https:\/\/agora.xtec.cat\/escjoanardevol\/wp-json\/wp\/v2\/comments?post=6062"}],"version-history":[{"count":1,"href":"https:\/\/agora.xtec.cat\/escjoanardevol\/wp-json\/wp\/v2\/posts\/6062\/revisions"}],"predecessor-version":[{"id":6064,"href":"https:\/\/agora.xtec.cat\/escjoanardevol\/wp-json\/wp\/v2\/posts\/6062\/revisions\/6064"}],"wp:featuredmedia":[{"embeddable":true,"href":"https:\/\/agora.xtec.cat\/escjoanardevol\/wp-json\/wp\/v2\/media\/6063"}],"wp:attachment":[{"href":"https:\/\/agora.xtec.cat\/escjoanardevol\/wp-json\/wp\/v2\/media?parent=6062"}],"wp:term":[{"taxonomy":"category","embeddable":true,"href":"https:\/\/agora.xtec.cat\/escjoanardevol\/wp-json\/wp\/v2\/categories?post=6062"},{"taxonomy":"post_tag","embeddable":true,"href":"https:\/\/agora.xtec.cat\/escjoanardevol\/wp-json\/wp\/v2\/tags?post=6062"}],"curies":[{"name":"wp","href":"https:\/\/api.w.org\/{rel}","templated":true}]}}