{"id":6056,"date":"2019-05-04T10:13:35","date_gmt":"2019-05-04T08:13:35","guid":{"rendered":"http:\/\/agora.xtec.cat\/escjoanardevol\/?p=6056"},"modified":"2019-05-04T10:14:25","modified_gmt":"2019-05-04T08:14:25","slug":"ajuts-individuals-de-menjador","status":"publish","type":"post","link":"https:\/\/agora.xtec.cat\/escjoanardevol\/general\/ajuts-individuals-de-menjador\/","title":{"rendered":"Ajuts individuals de menjador"},"content":{"rendered":"<div class=\"entry-content\">\n<p><a href=\"http:\/\/www.baixcamp.cat\/ca\/ca\/serveis-al-ciutada---\/ensenyament\/beques-i-ajuts.htm\" target=\"_blank\" rel=\"noopener\"><img loading=\"lazy\" decoding=\"async\" class=\"alignnone wp-image-4624 size-full\" src=\"http:\/\/agora.xtec.cat\/escjoanardevol\/wp-content\/uploads\/usu550\/2014\/05\/menjador.jpg\" alt=\"menjador\" width=\"275\" height=\"172\" \/><\/a><\/p>\n<p><strong><u>AJUTS INDIVIDUALS DE MENJADOR.<\/u><\/strong><\/p>\n<p>Us informem que s\u2019ha obert el termini per a presentar les sol\u00b7licituds d\u2019ajuts individuals de menjador per als estudis <strong>d\u2019Educaci\u00f3 Infantil<\/strong>, <strong>prim\u00e0ria<\/strong> i secund\u00e0ria obligat\u00f2ria per al curs <strong>2019-2020<\/strong> atorgats pel Consell Comarcal del Baix Camp.<\/p>\n<p>Podeu passar a <strong>recollir el full<\/strong> de sol\u00b7licitud <strong>pel centre<\/strong>.<\/p>\n<table border=\"2\">\n<tbody>\n<tr>\n<td>\n<h5><strong><u>Horari de Secretaria: <\/u><\/strong><\/h5>\n<ul>\n<li>\n<h5><strong>Dimarts i dijous de 9:00 a 10 h. i de 15 a 16 h.<\/strong><\/h5>\n<\/li>\n<\/ul>\n<\/td>\n<\/tr>\n<\/tbody>\n<\/table>\n<p>El termini per presentar la sol\u00b7licitud i la documentaci\u00f3 requerida al centre finalitzar\u00e0 el <strong><u>31 de maig de 2019<\/u><\/strong>.<\/p>\n<\/div>\n","protected":false},"excerpt":{"rendered":"<p><a href=\"http:\/\/www.baixcamp.cat\/ca\/ca\/serveis-al-ciutada---\/ensenyament\/beques-i-ajuts.htm\" target=\"_blank\" rel=\"noopener\"><\/a><br \/>\nAJUTS INDIVIDUALS DE MENJADOR.<br \/>\nUs informem que s\u2019ha obert el termini per a presentar les sol\u00b7licituds d\u2019ajuts individuals de menjador per als estudis d\u2019Educaci\u00f3 Infantil, prim\u00e0ria i secund\u00e0ria obligat\u00f2ria per al curs 2019-2020 atorgats pel Consell Comarcal del Baix Camp.<br \/>\nPodeu passar a recollir&hellip;  <a href=\"https:\/\/agora.xtec.cat\/escjoanardevol\/general\/ajuts-individuals-de-menjador\/\" title=\"Read Ajuts individuals de menjador\">Llegeix m\u00e9s\u00bb<\/a><\/p>\n","protected":false},"author":1,"featured_media":4624,"comment_status":"closed","ping_status":"closed","sticky":false,"template":"","format":"standard","meta":{"_bbp_topic_count":0,"_bbp_reply_count":0,"_bbp_total_topic_count":0,"_bbp_total_reply_count":0,"_bbp_voice_count":0,"_bbp_anonymous_reply_count":0,"_bbp_topic_count_hidden":0,"_bbp_reply_count_hidden":0,"_bbp_forum_subforum_count":0,"footnotes":""},"categories":[1,4],"tags":[61,75,76,77,103,141],"class_list":["post-6056","post","type-post","status-publish","format-standard","has-post-thumbnail","hentry","category-general","category-portada","tag-ajuts","tag-cicle-inicial","tag-cicle-mitja","tag-cicle-superior-2","tag-educacio-infantil","tag-menjador"],"post_mailing_queue_ids":[],"_links":{"self":[{"href":"https:\/\/agora.xtec.cat\/escjoanardevol\/wp-json\/wp\/v2\/posts\/6056","targetHints":{"allow":["GET"]}}],"collection":[{"href":"https:\/\/agora.xtec.cat\/escjoanardevol\/wp-json\/wp\/v2\/posts"}],"about":[{"href":"https:\/\/agora.xtec.cat\/escjoanardevol\/wp-json\/wp\/v2\/types\/post"}],"author":[{"embeddable":true,"href":"https:\/\/agora.xtec.cat\/escjoanardevol\/wp-json\/wp\/v2\/users\/1"}],"replies":[{"embeddable":true,"href":"https:\/\/agora.xtec.cat\/escjoanardevol\/wp-json\/wp\/v2\/comments?post=6056"}],"version-history":[{"count":1,"href":"https:\/\/agora.xtec.cat\/escjoanardevol\/wp-json\/wp\/v2\/posts\/6056\/revisions"}],"predecessor-version":[{"id":6057,"href":"https:\/\/agora.xtec.cat\/escjoanardevol\/wp-json\/wp\/v2\/posts\/6056\/revisions\/6057"}],"wp:featuredmedia":[{"embeddable":true,"href":"https:\/\/agora.xtec.cat\/escjoanardevol\/wp-json\/wp\/v2\/media\/4624"}],"wp:attachment":[{"href":"https:\/\/agora.xtec.cat\/escjoanardevol\/wp-json\/wp\/v2\/media?parent=6056"}],"wp:term":[{"taxonomy":"category","embeddable":true,"href":"https:\/\/agora.xtec.cat\/escjoanardevol\/wp-json\/wp\/v2\/categories?post=6056"},{"taxonomy":"post_tag","embeddable":true,"href":"https:\/\/agora.xtec.cat\/escjoanardevol\/wp-json\/wp\/v2\/tags?post=6056"}],"curies":[{"name":"wp","href":"https:\/\/api.w.org\/{rel}","templated":true}]}}