{"id":6050,"date":"2019-04-29T16:37:35","date_gmt":"2019-04-29T14:37:35","guid":{"rendered":"http:\/\/agora.xtec.cat\/escjoanardevol\/?p=6050"},"modified":"2019-04-29T16:37:35","modified_gmt":"2019-04-29T14:37:35","slug":"jornades-culturals","status":"publish","type":"post","link":"https:\/\/agora.xtec.cat\/escjoanardevol\/general\/jornades-culturals\/","title":{"rendered":"Jornades culturals"},"content":{"rendered":"<p>La setmana despr\u00e9s de tornar de vacances de setmana santa, del 24 al 26 d&#8217;abril, vam celebrar unes jornades culturals amb motiu del 10\u00e8 aniversari de la biblioteca.<\/p>\n<p>Vam dedicar els tres dies a fer activitats diferents: representacions de contes, lectures, tallers&#8230; i tamb\u00e9, entre tots els de l&#8217;escola vam fer un mosaic amb el nostre lema: &#8220;LLEGIR ENS FA SOMIAR&#8221;.<\/p>\n<p>El dimecres vam fer els jocs florals, com ja \u00e9s tradicional per Sant Jordi, amb la representaci\u00f3 de la Llegenda i el lliurament dels premis literaris. El dijous vam fer les representacions i tallers de contes per a tots els alumnes i el divendres vam acabar amb una jornada de Portes Obertes en la que vam rebre molt\u00edssimes visites de familiars. Tot plegat va ser una experi\u00e8ncia m\u00e9s enriquidora.<\/p>\n<p><a href=\"https:\/\/agora.xtec.cat\/escjoanardevol\/wp-content\/uploads\/usu550\/2019\/04\/LLEGIRSOMIAR.jpg\" target=\"_blank\" rel=\"noopener\"><img loading=\"lazy\" decoding=\"async\" class=\"wp-image-6051 size-medium alignnone\" src=\"https:\/\/agora.xtec.cat\/escjoanardevol\/wp-content\/uploads\/usu550\/2019\/04\/LLEGIRSOMIAR-300x160.jpg\" alt=\"\" width=\"300\" height=\"160\" srcset=\"https:\/\/agora.xtec.cat\/escjoanardevol\/wp-content\/uploads\/usu550\/2019\/04\/LLEGIRSOMIAR-300x160.jpg 300w, https:\/\/agora.xtec.cat\/escjoanardevol\/wp-content\/uploads\/usu550\/2019\/04\/LLEGIRSOMIAR-768x409.jpg 768w, https:\/\/agora.xtec.cat\/escjoanardevol\/wp-content\/uploads\/usu550\/2019\/04\/LLEGIRSOMIAR-1024x546.jpg 1024w\" sizes=\"auto, (max-width: 300px) 100vw, 300px\" \/><\/a><\/p>\n<p><a href=\"https:\/\/photos.app.goo.gl\/qX9vdrbKVQscbxJv6\" target=\"_blank\" rel=\"noopener\"><img loading=\"lazy\" decoding=\"async\" class=\"alignnone wp-image-6054 size-medium\" src=\"https:\/\/agora.xtec.cat\/escjoanardevol\/wp-content\/uploads\/usu550\/2019\/04\/IMG_20190424_153500-300x225.jpg\" alt=\"\" width=\"300\" height=\"225\" srcset=\"https:\/\/agora.xtec.cat\/escjoanardevol\/wp-content\/uploads\/usu550\/2019\/04\/IMG_20190424_153500-300x225.jpg 300w, https:\/\/agora.xtec.cat\/escjoanardevol\/wp-content\/uploads\/usu550\/2019\/04\/IMG_20190424_153500-768x576.jpg 768w, https:\/\/agora.xtec.cat\/escjoanardevol\/wp-content\/uploads\/usu550\/2019\/04\/IMG_20190424_153500-1024x768.jpg 1024w, https:\/\/agora.xtec.cat\/escjoanardevol\/wp-content\/uploads\/usu550\/2019\/04\/IMG_20190424_153500-200x150.jpg 200w\" sizes=\"auto, (max-width: 300px) 100vw, 300px\" \/><\/a><\/p>\n<p><a href=\"https:\/\/photos.app.goo.gl\/m1whSJgiHS7BCFWx9\" target=\"_blank\" rel=\"noopener\"><img loading=\"lazy\" decoding=\"async\" class=\"alignnone wp-image-6053 size-medium\" src=\"https:\/\/agora.xtec.cat\/escjoanardevol\/wp-content\/uploads\/usu550\/2019\/04\/20190425_094436-c\u00f2pia-300x225.jpg\" alt=\"\" width=\"300\" height=\"225\" srcset=\"https:\/\/agora.xtec.cat\/escjoanardevol\/wp-content\/uploads\/usu550\/2019\/04\/20190425_094436-c\u00f2pia-300x225.jpg 300w, https:\/\/agora.xtec.cat\/escjoanardevol\/wp-content\/uploads\/usu550\/2019\/04\/20190425_094436-c\u00f2pia-768x576.jpg 768w, https:\/\/agora.xtec.cat\/escjoanardevol\/wp-content\/uploads\/usu550\/2019\/04\/20190425_094436-c\u00f2pia-1024x768.jpg 1024w, https:\/\/agora.xtec.cat\/escjoanardevol\/wp-content\/uploads\/usu550\/2019\/04\/20190425_094436-c\u00f2pia-200x150.jpg 200w, https:\/\/agora.xtec.cat\/escjoanardevol\/wp-content\/uploads\/usu550\/2019\/04\/20190425_094436-c\u00f2pia.jpg 2016w\" sizes=\"auto, (max-width: 300px) 100vw, 300px\" \/><\/a><\/p>\n<p><a href=\"https:\/\/photos.app.goo.gl\/T42i3mrooCHiV2jd8\" target=\"_blank\" rel=\"noopener\"><img loading=\"lazy\" decoding=\"async\" class=\"alignnone wp-image-6052 size-medium\" src=\"https:\/\/agora.xtec.cat\/escjoanardevol\/wp-content\/uploads\/usu550\/2019\/04\/20190425_152102-c\u00f2pia-300x225.jpg\" alt=\"\" width=\"300\" height=\"225\" srcset=\"https:\/\/agora.xtec.cat\/escjoanardevol\/wp-content\/uploads\/usu550\/2019\/04\/20190425_152102-c\u00f2pia-300x225.jpg 300w, https:\/\/agora.xtec.cat\/escjoanardevol\/wp-content\/uploads\/usu550\/2019\/04\/20190425_152102-c\u00f2pia-768x576.jpg 768w, https:\/\/agora.xtec.cat\/escjoanardevol\/wp-content\/uploads\/usu550\/2019\/04\/20190425_152102-c\u00f2pia-1024x768.jpg 1024w, https:\/\/agora.xtec.cat\/escjoanardevol\/wp-content\/uploads\/usu550\/2019\/04\/20190425_152102-c\u00f2pia-200x150.jpg 200w, https:\/\/agora.xtec.cat\/escjoanardevol\/wp-content\/uploads\/usu550\/2019\/04\/20190425_152102-c\u00f2pia.jpg 2016w\" sizes=\"auto, (max-width: 300px) 100vw, 300px\" \/><\/a><\/p>\n","protected":false},"excerpt":{"rendered":"<p>La setmana despr\u00e9s de tornar de vacances de setmana santa, del 24 al 26 d&#8217;abril, vam celebrar unes jornades culturals amb motiu del 10\u00e8 aniversari de la biblioteca.<br \/>\nVam dedicar els tres dies a fer activitats diferents: representacions de contes, lectures, tallers&#8230; i tamb\u00e9, entre tots&hellip;  <a href=\"https:\/\/agora.xtec.cat\/escjoanardevol\/general\/jornades-culturals\/\" title=\"Read Jornades culturals\">Llegeix m\u00e9s\u00bb<\/a><\/p>\n","protected":false},"author":1,"featured_media":6051,"comment_status":"closed","ping_status":"closed","sticky":false,"template":"","format":"standard","meta":{"_bbp_topic_count":0,"_bbp_reply_count":0,"_bbp_total_topic_count":0,"_bbp_total_reply_count":0,"_bbp_voice_count":0,"_bbp_anonymous_reply_count":0,"_bbp_topic_count_hidden":0,"_bbp_reply_count_hidden":0,"_bbp_forum_subforum_count":0,"footnotes":""},"categories":[10,11,12,13,14,15,1,2,3,8,9,4,5],"tags":[59,67,75,76,77,92,103,128,130,133,160,168,180,182],"class_list":["post-6050","post","type-post","status-publish","format-standard","has-post-thumbnail","hentry","category-1r","category-2n","category-3r","category-4t","category-5e","category-6e","category-general","category-infantil","category-p3","category-p4","category-p5","category-portada","category-primaria","tag-activitats","tag-biblioteca","tag-cicle-inicial","tag-cicle-mitja","tag-cicle-superior-2","tag-contes","tag-educacio-infantil","tag-jornades","tag-lectura","tag-llibres","tag-premis","tag-sant-jordi","tag-teatre","tag-treball"],"post_mailing_queue_ids":[],"_links":{"self":[{"href":"https:\/\/agora.xtec.cat\/escjoanardevol\/wp-json\/wp\/v2\/posts\/6050","targetHints":{"allow":["GET"]}}],"collection":[{"href":"https:\/\/agora.xtec.cat\/escjoanardevol\/wp-json\/wp\/v2\/posts"}],"about":[{"href":"https:\/\/agora.xtec.cat\/escjoanardevol\/wp-json\/wp\/v2\/types\/post"}],"author":[{"embeddable":true,"href":"https:\/\/agora.xtec.cat\/escjoanardevol\/wp-json\/wp\/v2\/users\/1"}],"replies":[{"embeddable":true,"href":"https:\/\/agora.xtec.cat\/escjoanardevol\/wp-json\/wp\/v2\/comments?post=6050"}],"version-history":[{"count":1,"href":"https:\/\/agora.xtec.cat\/escjoanardevol\/wp-json\/wp\/v2\/posts\/6050\/revisions"}],"predecessor-version":[{"id":6055,"href":"https:\/\/agora.xtec.cat\/escjoanardevol\/wp-json\/wp\/v2\/posts\/6050\/revisions\/6055"}],"wp:featuredmedia":[{"embeddable":true,"href":"https:\/\/agora.xtec.cat\/escjoanardevol\/wp-json\/wp\/v2\/media\/6051"}],"wp:attachment":[{"href":"https:\/\/agora.xtec.cat\/escjoanardevol\/wp-json\/wp\/v2\/media?parent=6050"}],"wp:term":[{"taxonomy":"category","embeddable":true,"href":"https:\/\/agora.xtec.cat\/escjoanardevol\/wp-json\/wp\/v2\/categories?post=6050"},{"taxonomy":"post_tag","embeddable":true,"href":"https:\/\/agora.xtec.cat\/escjoanardevol\/wp-json\/wp\/v2\/tags?post=6050"}],"curies":[{"name":"wp","href":"https:\/\/api.w.org\/{rel}","templated":true}]}}