{"id":6046,"date":"2019-04-12T16:24:00","date_gmt":"2019-04-12T14:24:00","guid":{"rendered":"http:\/\/agora.xtec.cat\/escjoanardevol\/?p=6046"},"modified":"2019-04-12T16:24:39","modified_gmt":"2019-04-12T14:24:39","slug":"la-mona-a-p3","status":"publish","type":"post","link":"https:\/\/agora.xtec.cat\/escjoanardevol\/general\/la-mona-a-p3\/","title":{"rendered":"La mona a P3"},"content":{"rendered":"<p>Les nenes i els nens de P3 hem fet i ens hem menjat la mona. Tamb\u00e9 hem anat d&#8217;excursi\u00f3 al parc del Pinaret per a veure i gaudir una mica de la primavera. Tot plegat ens ho hem passat molt b\u00e9. La mona estava bon\u00edssima.<\/p>\n<p><a href=\"https:\/\/photos.app.goo.gl\/DTX2R8Sqgzn62nzE7\" target=\"_blank\" rel=\"noopener\"><img loading=\"lazy\" decoding=\"async\" class=\"alignleft wp-image-6047 size-medium\" src=\"https:\/\/agora.xtec.cat\/escjoanardevol\/wp-content\/uploads\/usu550\/2019\/04\/IMG_8902-c\u00f2pia-300x225.jpg\" alt=\"\" width=\"300\" height=\"225\" srcset=\"https:\/\/agora.xtec.cat\/escjoanardevol\/wp-content\/uploads\/usu550\/2019\/04\/IMG_8902-c\u00f2pia-300x225.jpg 300w, https:\/\/agora.xtec.cat\/escjoanardevol\/wp-content\/uploads\/usu550\/2019\/04\/IMG_8902-c\u00f2pia-200x150.jpg 200w, https:\/\/agora.xtec.cat\/escjoanardevol\/wp-content\/uploads\/usu550\/2019\/04\/IMG_8902-c\u00f2pia.jpg 576w\" sizes=\"auto, (max-width: 300px) 100vw, 300px\" \/><\/a><\/p>\n","protected":false},"excerpt":{"rendered":"<p>Les nenes i els nens de P3 hem fet i ens hem menjat la mona. Tamb\u00e9 hem anat d&#8217;excursi\u00f3 al parc del Pinaret per a veure i gaudir una mica de la primavera. Tot plegat ens ho hem passat molt b\u00e9. La mona estava bon\u00edssima.<br \/>\n<a&hellip;  <a href=\"https:\/\/agora.xtec.cat\/escjoanardevol\/general\/la-mona-a-p3\/\" title=\"Read La mona a P3\">Llegeix m\u00e9s\u00bb<\/a><\/p>\n","protected":false},"author":1,"featured_media":6047,"comment_status":"closed","ping_status":"closed","sticky":false,"template":"","format":"standard","meta":{"_bbp_topic_count":0,"_bbp_reply_count":0,"_bbp_total_topic_count":0,"_bbp_total_reply_count":0,"_bbp_voice_count":0,"_bbp_anonymous_reply_count":0,"_bbp_topic_count_hidden":0,"_bbp_reply_count_hidden":0,"_bbp_forum_subforum_count":0,"footnotes":""},"categories":[1,3,4],"tags":[59,69,93,103,129],"class_list":["post-6046","post","type-post","status-publish","format-standard","has-post-thumbnail","hentry","category-general","category-p3","category-portada","tag-activitats","tag-cambrils","tag-convivencia","tag-educacio-infantil","tag-la-mona"],"post_mailing_queue_ids":[],"_links":{"self":[{"href":"https:\/\/agora.xtec.cat\/escjoanardevol\/wp-json\/wp\/v2\/posts\/6046","targetHints":{"allow":["GET"]}}],"collection":[{"href":"https:\/\/agora.xtec.cat\/escjoanardevol\/wp-json\/wp\/v2\/posts"}],"about":[{"href":"https:\/\/agora.xtec.cat\/escjoanardevol\/wp-json\/wp\/v2\/types\/post"}],"author":[{"embeddable":true,"href":"https:\/\/agora.xtec.cat\/escjoanardevol\/wp-json\/wp\/v2\/users\/1"}],"replies":[{"embeddable":true,"href":"https:\/\/agora.xtec.cat\/escjoanardevol\/wp-json\/wp\/v2\/comments?post=6046"}],"version-history":[{"count":1,"href":"https:\/\/agora.xtec.cat\/escjoanardevol\/wp-json\/wp\/v2\/posts\/6046\/revisions"}],"predecessor-version":[{"id":6048,"href":"https:\/\/agora.xtec.cat\/escjoanardevol\/wp-json\/wp\/v2\/posts\/6046\/revisions\/6048"}],"wp:featuredmedia":[{"embeddable":true,"href":"https:\/\/agora.xtec.cat\/escjoanardevol\/wp-json\/wp\/v2\/media\/6047"}],"wp:attachment":[{"href":"https:\/\/agora.xtec.cat\/escjoanardevol\/wp-json\/wp\/v2\/media?parent=6046"}],"wp:term":[{"taxonomy":"category","embeddable":true,"href":"https:\/\/agora.xtec.cat\/escjoanardevol\/wp-json\/wp\/v2\/categories?post=6046"},{"taxonomy":"post_tag","embeddable":true,"href":"https:\/\/agora.xtec.cat\/escjoanardevol\/wp-json\/wp\/v2\/tags?post=6046"}],"curies":[{"name":"wp","href":"https:\/\/api.w.org\/{rel}","templated":true}]}}