{"id":5979,"date":"2019-04-08T09:45:16","date_gmt":"2019-04-08T07:45:16","guid":{"rendered":"http:\/\/agora.xtec.cat\/escjoanardevol\/?p=5979"},"modified":"2019-04-08T09:45:16","modified_gmt":"2019-04-08T07:45:16","slug":"2a-fase-de-fem-matematiques-2019","status":"publish","type":"post","link":"https:\/\/agora.xtec.cat\/escjoanardevol\/portada\/2a-fase-de-fem-matematiques-2019\/","title":{"rendered":"2a Fase de \u201cFem matem\u00e0tiques 2019\u201d"},"content":{"rendered":"<p>Els alumnes de 6\u00e8 que han participat en la 2a fase de l\u2019activitat \u201cFem matem\u00e0tiques\u201d han compartit l\u2019experi\u00e8ncia amb alumnes d&#8217;altres centres de les comarques de Tarragona.<br \/>\nLa jornada es va iniciar amb un esmorzar. Despr\u00e9s es va fer una prova r\u00e0pida per equips en la que calia resoldre el m\u00e0xim d&#8217;activitats en mitja hora, tot seguit un espectacle de m\u00e0gia i per acabar el mat\u00ed, una gimcana matem\u00e0tica en la que s\u2019havien de superar una s\u00e8rie de proves ubicades al Parc del Pescador, la Riera d&#8217;Alforja i la platja.<br \/>\nDespr\u00e9s de dinar es va fer la prova individual que consistia en resoldre tres reptes matem\u00e0tics.<br \/>\nEls nostres alumnes van gaudir molt de l\u2019experi\u00e8ncia, van passar un dia divertit alhora que demostraven les seves habilitats i aprenien nous conceptes matem\u00e0tics.<br \/>\nPodeu trobar m\u00e9s informaci\u00f3 en aquests enlla\u00e7os:<br \/>\n<a href=\"https:\/\/www.revistacambrils.cat\/noticia\/26771\/cambrils-capital-tarragonina-de-les-matematiques-per-un-dia\" target=\"_blank\" rel=\"noopener\">https:\/\/www.revistacambrils.cat\/noticia\/26771\/cambrils-capital-tarragonina-de-les-matematiques-per-un-dia<\/a><br \/>\n<a href=\"https:\/\/www.diaridetarragona.com\/costa\/Concurso-de-matematicas-en-Cambrils-20190404-0011.html\" target=\"_blank\" rel=\"noopener\">https:\/\/www.diaridetarragona.com\/costa\/Concurso-de-matematicas-en-Cambrils-20190404-0011.html<\/a><br \/>\n<a href=\"http:\/\/www.canalreustv.cat\/noticies\/les-matematiques-apleguen-una-trentena-descoles-cambrils\" target=\"_blank\" rel=\"noopener\">http:\/\/www.canalreustv.cat\/noticies\/les-matematiques-apleguen-una-trentena-descoles-cambrils<\/a><\/p>\n<p><a href=\"https:\/\/photos.app.goo.gl\/RDiursyZHHpPRSis7\" target=\"_blank\" rel=\"noopener\"><img loading=\"lazy\" decoding=\"async\" class=\"alignleft wp-image-5980 size-medium\" src=\"https:\/\/agora.xtec.cat\/escjoanardevol\/wp-content\/uploads\/usu550\/2019\/04\/08-copia-300x169.jpg\" alt=\"\" width=\"300\" height=\"169\" srcset=\"https:\/\/agora.xtec.cat\/escjoanardevol\/wp-content\/uploads\/usu550\/2019\/04\/08-copia-300x169.jpg 300w, https:\/\/agora.xtec.cat\/escjoanardevol\/wp-content\/uploads\/usu550\/2019\/04\/08-copia-768x432.jpg 768w, https:\/\/agora.xtec.cat\/escjoanardevol\/wp-content\/uploads\/usu550\/2019\/04\/08-copia-1024x576.jpg 1024w, https:\/\/agora.xtec.cat\/escjoanardevol\/wp-content\/uploads\/usu550\/2019\/04\/08-copia.jpg 2016w\" sizes=\"auto, (max-width: 300px) 100vw, 300px\" \/><\/a><\/p>\n","protected":false},"excerpt":{"rendered":"<p>Els alumnes de 6\u00e8 que han participat en la 2a fase de l\u2019activitat \u201cFem matem\u00e0tiques\u201d han compartit l\u2019experi\u00e8ncia amb alumnes d&#8217;altres centres de les comarques de Tarragona.<br \/>\nLa jornada es va iniciar amb un esmorzar. Despr\u00e9s es va fer una prova r\u00e0pida per equips en la&hellip;  <a href=\"https:\/\/agora.xtec.cat\/escjoanardevol\/portada\/2a-fase-de-fem-matematiques-2019\/\" title=\"Read 2a Fase de \u201cFem matem\u00e0tiques 2019\u201d\">Llegeix m\u00e9s\u00bb<\/a><\/p>\n","protected":false},"author":1,"featured_media":5980,"comment_status":"closed","ping_status":"closed","sticky":false,"template":"","format":"standard","meta":{"_bbp_topic_count":0,"_bbp_reply_count":0,"_bbp_total_topic_count":0,"_bbp_total_reply_count":0,"_bbp_voice_count":0,"_bbp_anonymous_reply_count":0,"_bbp_topic_count_hidden":0,"_bbp_reply_count_hidden":0,"_bbp_forum_subforum_count":0,"footnotes":""},"categories":[15,4,5],"tags":[59,69,77,89,235,16],"class_list":["post-5979","post","type-post","status-publish","format-standard","has-post-thumbnail","hentry","category-6e","category-portada","category-primaria","tag-activitats","tag-cambrils","tag-cicle-superior-2","tag-concursos","tag-matematiques","tag-sortides"],"post_mailing_queue_ids":[],"_links":{"self":[{"href":"https:\/\/agora.xtec.cat\/escjoanardevol\/wp-json\/wp\/v2\/posts\/5979","targetHints":{"allow":["GET"]}}],"collection":[{"href":"https:\/\/agora.xtec.cat\/escjoanardevol\/wp-json\/wp\/v2\/posts"}],"about":[{"href":"https:\/\/agora.xtec.cat\/escjoanardevol\/wp-json\/wp\/v2\/types\/post"}],"author":[{"embeddable":true,"href":"https:\/\/agora.xtec.cat\/escjoanardevol\/wp-json\/wp\/v2\/users\/1"}],"replies":[{"embeddable":true,"href":"https:\/\/agora.xtec.cat\/escjoanardevol\/wp-json\/wp\/v2\/comments?post=5979"}],"version-history":[{"count":1,"href":"https:\/\/agora.xtec.cat\/escjoanardevol\/wp-json\/wp\/v2\/posts\/5979\/revisions"}],"predecessor-version":[{"id":5981,"href":"https:\/\/agora.xtec.cat\/escjoanardevol\/wp-json\/wp\/v2\/posts\/5979\/revisions\/5981"}],"wp:featuredmedia":[{"embeddable":true,"href":"https:\/\/agora.xtec.cat\/escjoanardevol\/wp-json\/wp\/v2\/media\/5980"}],"wp:attachment":[{"href":"https:\/\/agora.xtec.cat\/escjoanardevol\/wp-json\/wp\/v2\/media?parent=5979"}],"wp:term":[{"taxonomy":"category","embeddable":true,"href":"https:\/\/agora.xtec.cat\/escjoanardevol\/wp-json\/wp\/v2\/categories?post=5979"},{"taxonomy":"post_tag","embeddable":true,"href":"https:\/\/agora.xtec.cat\/escjoanardevol\/wp-json\/wp\/v2\/tags?post=5979"}],"curies":[{"name":"wp","href":"https:\/\/api.w.org\/{rel}","templated":true}]}}