{"id":5966,"date":"2019-04-03T08:31:06","date_gmt":"2019-04-03T06:31:06","guid":{"rendered":"http:\/\/agora.xtec.cat\/escjoanardevol\/?p=5966"},"modified":"2019-04-03T08:31:06","modified_gmt":"2019-04-03T06:31:06","slug":"mes-de-jocs-interactius-a-p4","status":"publish","type":"post","link":"https:\/\/agora.xtec.cat\/escjoanardevol\/infantil\/mes-de-jocs-interactius-a-p4\/","title":{"rendered":"Mes de jocs interactius a P4"},"content":{"rendered":"<p>Durant el mes de Mar\u00e7 vam aprofitar molt el temps en els grups interactius. Amb la col\u00b7laboraci\u00f3 de les fam\u00edlies vam poder fer exercicis de preparaci\u00f3 per a la lectura i l&#8217;escriptura, exercicis de confegir paraules, jocs de matem\u00e0tiques, de numeraci\u00f3, puzzles, grafomotricitat i sudokus.<br \/>\nCom sempre, estem molt agra\u00efts.<\/p>\n<p><a href=\"https:\/\/photos.app.goo.gl\/JPpqXG1GNpcrkoaS6\" target=\"_blank\" rel=\"noopener\"><img loading=\"lazy\" decoding=\"async\" class=\"alignleft wp-image-5967 size-medium\" src=\"https:\/\/agora.xtec.cat\/escjoanardevol\/wp-content\/uploads\/usu550\/2019\/04\/IMG_6436-c\u00f2pia-300x225.jpg\" alt=\"\" width=\"300\" height=\"225\" srcset=\"https:\/\/agora.xtec.cat\/escjoanardevol\/wp-content\/uploads\/usu550\/2019\/04\/IMG_6436-c\u00f2pia-300x225.jpg 300w, https:\/\/agora.xtec.cat\/escjoanardevol\/wp-content\/uploads\/usu550\/2019\/04\/IMG_6436-c\u00f2pia-768x576.jpg 768w, https:\/\/agora.xtec.cat\/escjoanardevol\/wp-content\/uploads\/usu550\/2019\/04\/IMG_6436-c\u00f2pia-1024x768.jpg 1024w, https:\/\/agora.xtec.cat\/escjoanardevol\/wp-content\/uploads\/usu550\/2019\/04\/IMG_6436-c\u00f2pia-200x150.jpg 200w\" sizes=\"auto, (max-width: 300px) 100vw, 300px\" \/><\/a><\/p>\n","protected":false},"excerpt":{"rendered":"<p>Durant el mes de Mar\u00e7 vam aprofitar molt el temps en els grups interactius. Amb la col\u00b7laboraci\u00f3 de les fam\u00edlies vam poder fer exercicis de preparaci\u00f3 per a la lectura i l&#8217;escriptura, exercicis de confegir paraules, jocs de matem\u00e0tiques, de numeraci\u00f3, puzzles, grafomotricitat i sudokus.<br \/>\nCom&hellip;  <a href=\"https:\/\/agora.xtec.cat\/escjoanardevol\/infantil\/mes-de-jocs-interactius-a-p4\/\" title=\"Read Mes de jocs interactius a P4\">Llegeix m\u00e9s\u00bb<\/a><\/p>\n","protected":false},"author":1,"featured_media":5967,"comment_status":"closed","ping_status":"closed","sticky":false,"template":"","format":"standard","meta":{"_bbp_topic_count":0,"_bbp_reply_count":0,"_bbp_total_topic_count":0,"_bbp_total_reply_count":0,"_bbp_voice_count":0,"_bbp_anonymous_reply_count":0,"_bbp_topic_count_hidden":0,"_bbp_reply_count_hidden":0,"_bbp_forum_subforum_count":0,"footnotes":""},"categories":[2,8,4],"tags":[59,103,231,182],"class_list":["post-5966","post","type-post","status-publish","format-standard","has-post-thumbnail","hentry","category-infantil","category-p4","category-portada","tag-activitats","tag-educacio-infantil","tag-grups-interactius","tag-treball"],"post_mailing_queue_ids":[],"_links":{"self":[{"href":"https:\/\/agora.xtec.cat\/escjoanardevol\/wp-json\/wp\/v2\/posts\/5966","targetHints":{"allow":["GET"]}}],"collection":[{"href":"https:\/\/agora.xtec.cat\/escjoanardevol\/wp-json\/wp\/v2\/posts"}],"about":[{"href":"https:\/\/agora.xtec.cat\/escjoanardevol\/wp-json\/wp\/v2\/types\/post"}],"author":[{"embeddable":true,"href":"https:\/\/agora.xtec.cat\/escjoanardevol\/wp-json\/wp\/v2\/users\/1"}],"replies":[{"embeddable":true,"href":"https:\/\/agora.xtec.cat\/escjoanardevol\/wp-json\/wp\/v2\/comments?post=5966"}],"version-history":[{"count":1,"href":"https:\/\/agora.xtec.cat\/escjoanardevol\/wp-json\/wp\/v2\/posts\/5966\/revisions"}],"predecessor-version":[{"id":5968,"href":"https:\/\/agora.xtec.cat\/escjoanardevol\/wp-json\/wp\/v2\/posts\/5966\/revisions\/5968"}],"wp:featuredmedia":[{"embeddable":true,"href":"https:\/\/agora.xtec.cat\/escjoanardevol\/wp-json\/wp\/v2\/media\/5967"}],"wp:attachment":[{"href":"https:\/\/agora.xtec.cat\/escjoanardevol\/wp-json\/wp\/v2\/media?parent=5966"}],"wp:term":[{"taxonomy":"category","embeddable":true,"href":"https:\/\/agora.xtec.cat\/escjoanardevol\/wp-json\/wp\/v2\/categories?post=5966"},{"taxonomy":"post_tag","embeddable":true,"href":"https:\/\/agora.xtec.cat\/escjoanardevol\/wp-json\/wp\/v2\/tags?post=5966"}],"curies":[{"name":"wp","href":"https:\/\/api.w.org\/{rel}","templated":true}]}}