{"id":5954,"date":"2019-04-01T11:00:40","date_gmt":"2019-04-01T09:00:40","guid":{"rendered":"http:\/\/agora.xtec.cat\/escjoanardevol\/?p=5954"},"modified":"2019-03-29T18:57:32","modified_gmt":"2019-03-29T17:57:32","slug":"consell-de-delegats-3","status":"publish","type":"post","link":"https:\/\/agora.xtec.cat\/escjoanardevol\/general\/consell-de-delegats-3\/","title":{"rendered":"Consell de delegats"},"content":{"rendered":"<p>El dijous 28 de mar\u00e7 vam fer una reuni\u00f3 del Consell de Delegats.<\/p>\n<p>En aquesta reuni\u00f3 vam fer seguiment dels temes anteriors i vam elaborar noves propostes relacionades amb la mobilitat i la possibilitat de venir a l&#8217;escola amb bicicleta. Els alumnes de l&#8217;escola, a partir de les assemblees de classe, vam manifestar que voldr\u00edem tenir la possibilitat de venir amb bicicleta. Vam detectar un munt d&#8217;avantatges: som escola verda i hem de procurar reduir la contaminaci\u00f3 ambiental i ac\u00fastica, anar amb bicicleta, a m\u00e9s, \u00e9s saludable i divertit. Ara b\u00e9, tamb\u00e9, hem vist que no hi ha carrils bici que ens portin a l&#8217;escola, tots els carrers s\u00f3n contra direcci\u00f3 i estan pensats per arribar-hi en cotxe o caminant. Tamb\u00e9, trobem a faltar un bon aparcament, segur, per a les bicicletes.<\/p>\n<p>Finalment, l&#8217;acord que vam arribar \u00e9s que demanarem de col\u00b7laborar en un nou pla de mobilitat que ens ajudi a poder venir a l&#8217;escola amb bicicleta.<\/p>\n<p><a href=\"https:\/\/agora.xtec.cat\/escjoanardevol\/wp-content\/uploads\/usu550\/2019\/03\/IMG_20190328_114509.jpg\" target=\"_blank\" rel=\"noopener\"><img loading=\"lazy\" decoding=\"async\" class=\"alignleft wp-image-5958 size-medium\" src=\"https:\/\/agora.xtec.cat\/escjoanardevol\/wp-content\/uploads\/usu550\/2019\/03\/IMG_20190328_114509-300x225.jpg\" alt=\"\" width=\"300\" height=\"225\" srcset=\"https:\/\/agora.xtec.cat\/escjoanardevol\/wp-content\/uploads\/usu550\/2019\/03\/IMG_20190328_114509-300x225.jpg 300w, https:\/\/agora.xtec.cat\/escjoanardevol\/wp-content\/uploads\/usu550\/2019\/03\/IMG_20190328_114509-768x576.jpg 768w, https:\/\/agora.xtec.cat\/escjoanardevol\/wp-content\/uploads\/usu550\/2019\/03\/IMG_20190328_114509-1024x768.jpg 1024w, https:\/\/agora.xtec.cat\/escjoanardevol\/wp-content\/uploads\/usu550\/2019\/03\/IMG_20190328_114509-200x150.jpg 200w, https:\/\/agora.xtec.cat\/escjoanardevol\/wp-content\/uploads\/usu550\/2019\/03\/IMG_20190328_114509.jpg 1824w\" sizes=\"auto, (max-width: 300px) 100vw, 300px\" \/><\/a> <a href=\"https:\/\/agora.xtec.cat\/escjoanardevol\/wp-content\/uploads\/usu550\/2019\/03\/IMG_20190328_114503.jpg\" target=\"_blank\" rel=\"noopener\"><img loading=\"lazy\" decoding=\"async\" class=\"alignleft wp-image-5957 size-medium\" src=\"https:\/\/agora.xtec.cat\/escjoanardevol\/wp-content\/uploads\/usu550\/2019\/03\/IMG_20190328_114503-300x225.jpg\" alt=\"\" width=\"300\" height=\"225\" srcset=\"https:\/\/agora.xtec.cat\/escjoanardevol\/wp-content\/uploads\/usu550\/2019\/03\/IMG_20190328_114503-300x225.jpg 300w, https:\/\/agora.xtec.cat\/escjoanardevol\/wp-content\/uploads\/usu550\/2019\/03\/IMG_20190328_114503-768x576.jpg 768w, https:\/\/agora.xtec.cat\/escjoanardevol\/wp-content\/uploads\/usu550\/2019\/03\/IMG_20190328_114503-1024x768.jpg 1024w, https:\/\/agora.xtec.cat\/escjoanardevol\/wp-content\/uploads\/usu550\/2019\/03\/IMG_20190328_114503-200x150.jpg 200w, https:\/\/agora.xtec.cat\/escjoanardevol\/wp-content\/uploads\/usu550\/2019\/03\/IMG_20190328_114503.jpg 1824w\" sizes=\"auto, (max-width: 300px) 100vw, 300px\" \/><\/a> <a href=\"https:\/\/agora.xtec.cat\/escjoanardevol\/wp-content\/uploads\/usu550\/2019\/03\/IMG_20190328_114448.jpg\" target=\"_blank\" rel=\"noopener\"><img loading=\"lazy\" decoding=\"async\" class=\"alignleft wp-image-5956 size-medium\" src=\"https:\/\/agora.xtec.cat\/escjoanardevol\/wp-content\/uploads\/usu550\/2019\/03\/IMG_20190328_114448-300x225.jpg\" alt=\"\" width=\"300\" height=\"225\" srcset=\"https:\/\/agora.xtec.cat\/escjoanardevol\/wp-content\/uploads\/usu550\/2019\/03\/IMG_20190328_114448-300x225.jpg 300w, https:\/\/agora.xtec.cat\/escjoanardevol\/wp-content\/uploads\/usu550\/2019\/03\/IMG_20190328_114448-768x576.jpg 768w, https:\/\/agora.xtec.cat\/escjoanardevol\/wp-content\/uploads\/usu550\/2019\/03\/IMG_20190328_114448-1024x768.jpg 1024w, https:\/\/agora.xtec.cat\/escjoanardevol\/wp-content\/uploads\/usu550\/2019\/03\/IMG_20190328_114448-200x150.jpg 200w, https:\/\/agora.xtec.cat\/escjoanardevol\/wp-content\/uploads\/usu550\/2019\/03\/IMG_20190328_114448.jpg 1824w\" sizes=\"auto, (max-width: 300px) 100vw, 300px\" \/><\/a> <a href=\"https:\/\/agora.xtec.cat\/escjoanardevol\/wp-content\/uploads\/usu550\/2019\/03\/IMG_20190328_114512.jpg\" target=\"_blank\" rel=\"noopener\"><img loading=\"lazy\" decoding=\"async\" class=\"alignleft wp-image-5955 size-medium\" src=\"https:\/\/agora.xtec.cat\/escjoanardevol\/wp-content\/uploads\/usu550\/2019\/03\/IMG_20190328_114512-300x225.jpg\" alt=\"\" width=\"300\" height=\"225\" srcset=\"https:\/\/agora.xtec.cat\/escjoanardevol\/wp-content\/uploads\/usu550\/2019\/03\/IMG_20190328_114512-300x225.jpg 300w, https:\/\/agora.xtec.cat\/escjoanardevol\/wp-content\/uploads\/usu550\/2019\/03\/IMG_20190328_114512-768x576.jpg 768w, https:\/\/agora.xtec.cat\/escjoanardevol\/wp-content\/uploads\/usu550\/2019\/03\/IMG_20190328_114512-1024x768.jpg 1024w, https:\/\/agora.xtec.cat\/escjoanardevol\/wp-content\/uploads\/usu550\/2019\/03\/IMG_20190328_114512-200x150.jpg 200w, https:\/\/agora.xtec.cat\/escjoanardevol\/wp-content\/uploads\/usu550\/2019\/03\/IMG_20190328_114512.jpg 1824w\" sizes=\"auto, (max-width: 300px) 100vw, 300px\" \/><\/a><\/p>\n","protected":false},"excerpt":{"rendered":"<p>El dijous 28 de mar\u00e7 vam fer una reuni\u00f3 del Consell de Delegats.<br \/>\nEn aquesta reuni\u00f3 vam fer seguiment dels temes anteriors i vam elaborar noves propostes relacionades amb la mobilitat i la possibilitat de venir a l&#8217;escola amb bicicleta. Els alumnes de l&#8217;escola, a partir&hellip;  <a href=\"https:\/\/agora.xtec.cat\/escjoanardevol\/general\/consell-de-delegats-3\/\" title=\"Read Consell de delegats\">Llegeix m\u00e9s\u00bb<\/a><\/p>\n","protected":false},"author":1,"featured_media":5955,"comment_status":"closed","ping_status":"closed","sticky":false,"template":"","format":"standard","meta":{"_bbp_topic_count":0,"_bbp_reply_count":0,"_bbp_total_topic_count":0,"_bbp_total_reply_count":0,"_bbp_voice_count":0,"_bbp_anonymous_reply_count":0,"_bbp_topic_count_hidden":0,"_bbp_reply_count_hidden":0,"_bbp_forum_subforum_count":0,"footnotes":""},"categories":[10,11,12,13,14,15,1,2,3,8,9,4,5],"tags":[59,75,76,77,91,93,94,103,182,187],"class_list":["post-5954","post","type-post","status-publish","format-standard","has-post-thumbnail","hentry","category-1r","category-2n","category-3r","category-4t","category-5e","category-6e","category-general","category-infantil","category-p3","category-p4","category-p5","category-portada","category-primaria","tag-activitats","tag-cicle-inicial","tag-cicle-mitja","tag-cicle-superior-2","tag-consell-de-delegats","tag-convivencia","tag-cooperacio","tag-educacio-infantil","tag-treball","tag-valors"],"post_mailing_queue_ids":[],"_links":{"self":[{"href":"https:\/\/agora.xtec.cat\/escjoanardevol\/wp-json\/wp\/v2\/posts\/5954","targetHints":{"allow":["GET"]}}],"collection":[{"href":"https:\/\/agora.xtec.cat\/escjoanardevol\/wp-json\/wp\/v2\/posts"}],"about":[{"href":"https:\/\/agora.xtec.cat\/escjoanardevol\/wp-json\/wp\/v2\/types\/post"}],"author":[{"embeddable":true,"href":"https:\/\/agora.xtec.cat\/escjoanardevol\/wp-json\/wp\/v2\/users\/1"}],"replies":[{"embeddable":true,"href":"https:\/\/agora.xtec.cat\/escjoanardevol\/wp-json\/wp\/v2\/comments?post=5954"}],"version-history":[{"count":3,"href":"https:\/\/agora.xtec.cat\/escjoanardevol\/wp-json\/wp\/v2\/posts\/5954\/revisions"}],"predecessor-version":[{"id":5960,"href":"https:\/\/agora.xtec.cat\/escjoanardevol\/wp-json\/wp\/v2\/posts\/5954\/revisions\/5960"}],"wp:featuredmedia":[{"embeddable":true,"href":"https:\/\/agora.xtec.cat\/escjoanardevol\/wp-json\/wp\/v2\/media\/5955"}],"wp:attachment":[{"href":"https:\/\/agora.xtec.cat\/escjoanardevol\/wp-json\/wp\/v2\/media?parent=5954"}],"wp:term":[{"taxonomy":"category","embeddable":true,"href":"https:\/\/agora.xtec.cat\/escjoanardevol\/wp-json\/wp\/v2\/categories?post=5954"},{"taxonomy":"post_tag","embeddable":true,"href":"https:\/\/agora.xtec.cat\/escjoanardevol\/wp-json\/wp\/v2\/tags?post=5954"}],"curies":[{"name":"wp","href":"https:\/\/api.w.org\/{rel}","templated":true}]}}