{"id":5951,"date":"2019-03-29T16:29:42","date_gmt":"2019-03-29T15:29:42","guid":{"rendered":"http:\/\/agora.xtec.cat\/escjoanardevol\/?p=5951"},"modified":"2019-03-29T16:29:42","modified_gmt":"2019-03-29T15:29:42","slug":"sortida-de-5e-al-perello","status":"publish","type":"post","link":"https:\/\/agora.xtec.cat\/escjoanardevol\/portada\/sortida-de-5e-al-perello\/","title":{"rendered":"Sortida de 5\u00e8 al Perell\u00f3"},"content":{"rendered":"<p>Dimecres 27 de mar\u00e7 els alumnes de 5\u00e8 vam anar al Perell\u00f3, a Mel Muria una empresa dedicada a l&#8217;apicultura.<br \/>\nPer un dia ens vam sentir com a veritables apicultors, observant les abelles en el seu h\u00e0bitat natural. Vam veure abellots, abelles obreres i larves que es convertien en noves abelles.<br \/>\nVam tastar els productes que aquests insectes ens ofereixen: mel, pol\u00b7len, gelea reial&#8230; i vam fer una espelma amb la cera que les abelles utilitzen per tapar les cel\u00b7les del rusc.<br \/>\nTamb\u00e9 vam veure un audiovisual i vam aprendre moltes coses sobre la seva morfologia, vida i activitats.<br \/>\nVa ser un dia meravell\u00f3s. Ens ho vam passar molt b\u00e9.<\/p>\n<p><a href=\"https:\/\/photos.app.goo.gl\/hFXL2vzLDH1h5j2q8\" target=\"_blank\" rel=\"noopener\"><img loading=\"lazy\" decoding=\"async\" class=\"alignleft wp-image-5952 size-medium\" src=\"https:\/\/agora.xtec.cat\/escjoanardevol\/wp-content\/uploads\/usu550\/2019\/03\/IMG_20190327_120003-300x225.jpg\" alt=\"\" width=\"300\" height=\"225\" srcset=\"https:\/\/agora.xtec.cat\/escjoanardevol\/wp-content\/uploads\/usu550\/2019\/03\/IMG_20190327_120003-300x225.jpg 300w, https:\/\/agora.xtec.cat\/escjoanardevol\/wp-content\/uploads\/usu550\/2019\/03\/IMG_20190327_120003-768x576.jpg 768w, https:\/\/agora.xtec.cat\/escjoanardevol\/wp-content\/uploads\/usu550\/2019\/03\/IMG_20190327_120003-1024x768.jpg 1024w, https:\/\/agora.xtec.cat\/escjoanardevol\/wp-content\/uploads\/usu550\/2019\/03\/IMG_20190327_120003-200x150.jpg 200w, https:\/\/agora.xtec.cat\/escjoanardevol\/wp-content\/uploads\/usu550\/2019\/03\/IMG_20190327_120003.jpg 1824w\" sizes=\"auto, (max-width: 300px) 100vw, 300px\" \/><\/a><\/p>\n","protected":false},"excerpt":{"rendered":"<p>Dimecres 27 de mar\u00e7 els alumnes de 5\u00e8 vam anar al Perell\u00f3, a Mel Muria una empresa dedicada a l&#8217;apicultura.<br \/>\nPer un dia ens vam sentir com a veritables apicultors, observant les abelles en el seu h\u00e0bitat natural. Vam veure abellots, abelles obreres i larves que&hellip;  <a href=\"https:\/\/agora.xtec.cat\/escjoanardevol\/portada\/sortida-de-5e-al-perello\/\" title=\"Read Sortida de 5\u00e8 al Perell\u00f3\">Llegeix m\u00e9s\u00bb<\/a><\/p>\n","protected":false},"author":1,"featured_media":5952,"comment_status":"closed","ping_status":"closed","sticky":false,"template":"","format":"standard","meta":{"_bbp_topic_count":0,"_bbp_reply_count":0,"_bbp_total_topic_count":0,"_bbp_total_reply_count":0,"_bbp_voice_count":0,"_bbp_anonymous_reply_count":0,"_bbp_topic_count_hidden":0,"_bbp_reply_count_hidden":0,"_bbp_forum_subforum_count":0,"footnotes":""},"categories":[14,4],"tags":[59,77,82,140,219,16],"class_list":["post-5951","post","type-post","status-publish","format-standard","has-post-thumbnail","hentry","category-5e","category-portada","tag-activitats","tag-cicle-superior-2","tag-cinque","tag-medi","tag-projectes","tag-sortides"],"post_mailing_queue_ids":[],"_links":{"self":[{"href":"https:\/\/agora.xtec.cat\/escjoanardevol\/wp-json\/wp\/v2\/posts\/5951","targetHints":{"allow":["GET"]}}],"collection":[{"href":"https:\/\/agora.xtec.cat\/escjoanardevol\/wp-json\/wp\/v2\/posts"}],"about":[{"href":"https:\/\/agora.xtec.cat\/escjoanardevol\/wp-json\/wp\/v2\/types\/post"}],"author":[{"embeddable":true,"href":"https:\/\/agora.xtec.cat\/escjoanardevol\/wp-json\/wp\/v2\/users\/1"}],"replies":[{"embeddable":true,"href":"https:\/\/agora.xtec.cat\/escjoanardevol\/wp-json\/wp\/v2\/comments?post=5951"}],"version-history":[{"count":1,"href":"https:\/\/agora.xtec.cat\/escjoanardevol\/wp-json\/wp\/v2\/posts\/5951\/revisions"}],"predecessor-version":[{"id":5953,"href":"https:\/\/agora.xtec.cat\/escjoanardevol\/wp-json\/wp\/v2\/posts\/5951\/revisions\/5953"}],"wp:featuredmedia":[{"embeddable":true,"href":"https:\/\/agora.xtec.cat\/escjoanardevol\/wp-json\/wp\/v2\/media\/5952"}],"wp:attachment":[{"href":"https:\/\/agora.xtec.cat\/escjoanardevol\/wp-json\/wp\/v2\/media?parent=5951"}],"wp:term":[{"taxonomy":"category","embeddable":true,"href":"https:\/\/agora.xtec.cat\/escjoanardevol\/wp-json\/wp\/v2\/categories?post=5951"},{"taxonomy":"post_tag","embeddable":true,"href":"https:\/\/agora.xtec.cat\/escjoanardevol\/wp-json\/wp\/v2\/tags?post=5951"}],"curies":[{"name":"wp","href":"https:\/\/api.w.org\/{rel}","templated":true}]}}