{"id":5935,"date":"2019-03-26T07:22:26","date_gmt":"2019-03-26T06:22:26","guid":{"rendered":"http:\/\/agora.xtec.cat\/escjoanardevol\/?p=5935"},"modified":"2019-03-25T09:39:37","modified_gmt":"2019-03-25T08:39:37","slug":"forum-descoles-verdes","status":"publish","type":"post","link":"https:\/\/agora.xtec.cat\/escjoanardevol\/portada\/forum-descoles-verdes\/","title":{"rendered":"F\u00f2rum d&#8217;escoles verdes"},"content":{"rendered":"<p>El passat 20 de mar\u00e7 un total de 23 centres educatius procedents del Baix Camp, Tarragon\u00e8s i Alt Camp, van participar en el F\u00f2rum del Programa Escoles Verdes, una trobada anual que per primer cop es celebrava al municipi de Cambrils.<br \/>\nTotes les escoles que hi van assistir estan reconegudes pel Departament d&#8217;Educaci\u00f3 com a escoles que vetllen per la sostenibilitat. La nostra escola va comptar amb la representaci\u00f3 dels seg\u00fcents alumnes de 6\u00e9: Maite, Guillermo, Judit i Carolina, i dos mestres.<br \/>\nLa finalitat d\u2019aquesta trobada \u00e9s compartir experi\u00e8ncies i propostes sobre com tenir cura del medi ambient. Al mat\u00ed es va fer una exposici\u00f3 per mostrar l\u2019acci\u00f3 representativa de cada escola. Despr\u00e9s d\u2019esmorzar, es van crear dos grups de treball, el de mestres, que vam treballar sobre els Objectius de Desenvolupament Sostenible proposats per la ONU, per veure els lligams amb les accions que es realitzen a l\u2019escola i encaminar-ho cap aquestes propostes. Els alumnes, van debatre sobre quina \u00e9s la repercussi\u00f3 local i global de les accions d\u2019escola verda que fem a l\u2019escola.<br \/>\nPer la tarda, tos els participants ens vam despla\u00e7ar a la platja de la Llosa a on es van recollir mostres de sorra per analitzar-ne els micropl\u00e0stics i es va posar en relleu els problemes que aquest material causa a la vida marina.<\/p>\n<p>A continuaci\u00f3 s\u2019adjunten les fotografies representatives del dia i els links dels mitjans de comunicaci\u00f3 que van fer difusi\u00f3 de la not\u00edcia:<br \/>\n<a href=\"http:\/\/www.canalreustv.cat\/noticies\/cambrils-seu-del-forum-del-programa-escoles-verdes\" target=\"_blank\" rel=\"noopener\">http:\/\/www.canalreustv.cat\/noticies\/cambrils-seu-del-forum-del-programa-escoles-verdes<\/a><br \/>\n<a href=\"https:\/\/www.revistacambrils.cat\/noticia\/26667\/forum-escoles-verdes\" target=\"_blank\" rel=\"noopener\">https:\/\/www.revistacambrils.cat\/noticia\/26667\/forum-escoles-verdes<\/a><br \/>\n<a href=\"http:\/\/www.cambrils.cat\/ca\/l-ajuntament\/comunicacio\/mes-d2019un-centenar-de-mestres-i-alumnes-de-23-escoles-verdes-intercanvien-experiencies-i-idees-a-cambrils\" target=\"_blank\" rel=\"noopener\">http:\/\/www.cambrils.cat\/ca\/l-ajuntament\/comunicacio\/mes-d2019un-centenar-de-mestres-i-alumnes-de-23-escoles-verdes-intercanvien-experiencies-i-idees-a-cambrils<\/a><\/p>\n<p><a href=\"https:\/\/photos.app.goo.gl\/RfGdJhHuuuVm726o6\" target=\"_blank\" rel=\"noopener\"><img loading=\"lazy\" decoding=\"async\" class=\"alignleft wp-image-5943 size-medium\" src=\"https:\/\/agora.xtec.cat\/escjoanardevol\/wp-content\/uploads\/usu550\/2019\/03\/IMG_20190320_151856-c\u00f2pia-225x300.jpg\" alt=\"\" width=\"225\" height=\"300\" srcset=\"https:\/\/agora.xtec.cat\/escjoanardevol\/wp-content\/uploads\/usu550\/2019\/03\/IMG_20190320_151856-c\u00f2pia-225x300.jpg 225w, https:\/\/agora.xtec.cat\/escjoanardevol\/wp-content\/uploads\/usu550\/2019\/03\/IMG_20190320_151856-c\u00f2pia-768x1024.jpg 768w, https:\/\/agora.xtec.cat\/escjoanardevol\/wp-content\/uploads\/usu550\/2019\/03\/IMG_20190320_151856-c\u00f2pia.jpg 1560w\" sizes=\"auto, (max-width: 225px) 100vw, 225px\" \/><\/a><\/p>\n","protected":false},"excerpt":{"rendered":"<p>El passat 20 de mar\u00e7 un total de 23 centres educatius procedents del Baix Camp, Tarragon\u00e8s i Alt Camp, van participar en el F\u00f2rum del Programa Escoles Verdes, una trobada anual que per primer cop es celebrava al municipi de Cambrils.<br \/>\nTotes les escoles que hi&hellip;  <a href=\"https:\/\/agora.xtec.cat\/escjoanardevol\/portada\/forum-descoles-verdes\/\" title=\"Read F\u00f2rum d&#8217;escoles verdes\">Llegeix m\u00e9s\u00bb<\/a><\/p>\n","protected":false},"author":1,"featured_media":5943,"comment_status":"closed","ping_status":"closed","sticky":false,"template":"","format":"standard","meta":{"_bbp_topic_count":0,"_bbp_reply_count":0,"_bbp_total_topic_count":0,"_bbp_total_reply_count":0,"_bbp_voice_count":0,"_bbp_anonymous_reply_count":0,"_bbp_topic_count_hidden":0,"_bbp_reply_count_hidden":0,"_bbp_forum_subforum_count":0,"footnotes":""},"categories":[206,4,5],"tags":[59,69,77,94,108,128,140,187],"class_list":["post-5935","post","type-post","status-publish","format-standard","has-post-thumbnail","hentry","category-verda","category-portada","category-primaria","tag-activitats","tag-cambrils","tag-cicle-superior-2","tag-cooperacio","tag-escola-verda","tag-jornades","tag-medi","tag-valors"],"post_mailing_queue_ids":[],"_links":{"self":[{"href":"https:\/\/agora.xtec.cat\/escjoanardevol\/wp-json\/wp\/v2\/posts\/5935","targetHints":{"allow":["GET"]}}],"collection":[{"href":"https:\/\/agora.xtec.cat\/escjoanardevol\/wp-json\/wp\/v2\/posts"}],"about":[{"href":"https:\/\/agora.xtec.cat\/escjoanardevol\/wp-json\/wp\/v2\/types\/post"}],"author":[{"embeddable":true,"href":"https:\/\/agora.xtec.cat\/escjoanardevol\/wp-json\/wp\/v2\/users\/1"}],"replies":[{"embeddable":true,"href":"https:\/\/agora.xtec.cat\/escjoanardevol\/wp-json\/wp\/v2\/comments?post=5935"}],"version-history":[{"count":2,"href":"https:\/\/agora.xtec.cat\/escjoanardevol\/wp-json\/wp\/v2\/posts\/5935\/revisions"}],"predecessor-version":[{"id":5944,"href":"https:\/\/agora.xtec.cat\/escjoanardevol\/wp-json\/wp\/v2\/posts\/5935\/revisions\/5944"}],"wp:featuredmedia":[{"embeddable":true,"href":"https:\/\/agora.xtec.cat\/escjoanardevol\/wp-json\/wp\/v2\/media\/5943"}],"wp:attachment":[{"href":"https:\/\/agora.xtec.cat\/escjoanardevol\/wp-json\/wp\/v2\/media?parent=5935"}],"wp:term":[{"taxonomy":"category","embeddable":true,"href":"https:\/\/agora.xtec.cat\/escjoanardevol\/wp-json\/wp\/v2\/categories?post=5935"},{"taxonomy":"post_tag","embeddable":true,"href":"https:\/\/agora.xtec.cat\/escjoanardevol\/wp-json\/wp\/v2\/tags?post=5935"}],"curies":[{"name":"wp","href":"https:\/\/api.w.org\/{rel}","templated":true}]}}