{"id":5933,"date":"2019-03-25T09:02:37","date_gmt":"2019-03-25T08:02:37","guid":{"rendered":"http:\/\/agora.xtec.cat\/escjoanardevol\/?p=5933"},"modified":"2019-03-25T09:02:37","modified_gmt":"2019-03-25T08:02:37","slug":"el-tresor-dels-templers-miravet","status":"publish","type":"post","link":"https:\/\/agora.xtec.cat\/escjoanardevol\/portada\/el-tresor-dels-templers-miravet\/","title":{"rendered":"El tresor dels templers (Miravet)"},"content":{"rendered":"<p>El dijous 21 de mar\u00e7, les nenes i nens de Cicle Mitj\u00e0, hem fet una bonica sortida a Miravet.<br \/>\nEl poble est\u00e0 situat a la riba del riu Ebre, a la comarca de la Ribera d&#8217;Ebre. Dalt d&#8217;un petit tur\u00f3, en un lloc f\u00e0cil de defensar, s&#8217;hi observen les restes del castell templer. Els templers van ser un orde religi\u00f3s i militar que va apar\u00e8ixer a l&#8217;edat mitjana i que lluitava contra els infidels.<br \/>\nNosaltres vam pujar fins al castell i el vam poder visitar. Per la tarda vam con\u00e8ixer la tradici\u00f3 terrissaire a Miravet. Vam veure com un artes\u00e0 elaborava peces al torn, mentre ens explicava el seu ofici. Vam passar un dia fant\u00e0stic!<\/p>\n<p><a href=\"https:\/\/photos.app.goo.gl\/7xDnAxT9Fp97QGbm9\" target=\"_blank\" rel=\"noopener\"><img loading=\"lazy\" decoding=\"async\" class=\"alignleft wp-image-5939 size-medium\" src=\"https:\/\/agora.xtec.cat\/escjoanardevol\/wp-content\/uploads\/usu550\/2019\/03\/20190321_144348-c\u00f2pia-300x225.jpg\" alt=\"\" width=\"300\" height=\"225\" srcset=\"https:\/\/agora.xtec.cat\/escjoanardevol\/wp-content\/uploads\/usu550\/2019\/03\/20190321_144348-c\u00f2pia-300x225.jpg 300w, https:\/\/agora.xtec.cat\/escjoanardevol\/wp-content\/uploads\/usu550\/2019\/03\/20190321_144348-c\u00f2pia-768x576.jpg 768w, https:\/\/agora.xtec.cat\/escjoanardevol\/wp-content\/uploads\/usu550\/2019\/03\/20190321_144348-c\u00f2pia-1024x768.jpg 1024w, https:\/\/agora.xtec.cat\/escjoanardevol\/wp-content\/uploads\/usu550\/2019\/03\/20190321_144348-c\u00f2pia-200x150.jpg 200w\" sizes=\"auto, (max-width: 300px) 100vw, 300px\" \/><\/a><\/p>\n","protected":false},"excerpt":{"rendered":"<p>El dijous 21 de mar\u00e7, les nenes i nens de Cicle Mitj\u00e0, hem fet una bonica sortida a Miravet.<br \/>\nEl poble est\u00e0 situat a la riba del riu Ebre, a la comarca de la Ribera d&#8217;Ebre. Dalt d&#8217;un petit tur\u00f3, en un lloc f\u00e0cil de defensar,&hellip;  <a href=\"https:\/\/agora.xtec.cat\/escjoanardevol\/portada\/el-tresor-dels-templers-miravet\/\" title=\"Read El tresor dels templers (Miravet)\">Llegeix m\u00e9s\u00bb<\/a><\/p>\n","protected":false},"author":1,"featured_media":5939,"comment_status":"closed","ping_status":"closed","sticky":false,"template":"","format":"standard","meta":{"_bbp_topic_count":0,"_bbp_reply_count":0,"_bbp_total_topic_count":0,"_bbp_total_reply_count":0,"_bbp_voice_count":0,"_bbp_anonymous_reply_count":0,"_bbp_topic_count_hidden":0,"_bbp_reply_count_hidden":0,"_bbp_forum_subforum_count":0,"footnotes":""},"categories":[12,13,4,5],"tags":[59,76,140,16],"class_list":["post-5933","post","type-post","status-publish","format-standard","has-post-thumbnail","hentry","category-3r","category-4t","category-portada","category-primaria","tag-activitats","tag-cicle-mitja","tag-medi","tag-sortides"],"post_mailing_queue_ids":[],"_links":{"self":[{"href":"https:\/\/agora.xtec.cat\/escjoanardevol\/wp-json\/wp\/v2\/posts\/5933","targetHints":{"allow":["GET"]}}],"collection":[{"href":"https:\/\/agora.xtec.cat\/escjoanardevol\/wp-json\/wp\/v2\/posts"}],"about":[{"href":"https:\/\/agora.xtec.cat\/escjoanardevol\/wp-json\/wp\/v2\/types\/post"}],"author":[{"embeddable":true,"href":"https:\/\/agora.xtec.cat\/escjoanardevol\/wp-json\/wp\/v2\/users\/1"}],"replies":[{"embeddable":true,"href":"https:\/\/agora.xtec.cat\/escjoanardevol\/wp-json\/wp\/v2\/comments?post=5933"}],"version-history":[{"count":2,"href":"https:\/\/agora.xtec.cat\/escjoanardevol\/wp-json\/wp\/v2\/posts\/5933\/revisions"}],"predecessor-version":[{"id":5940,"href":"https:\/\/agora.xtec.cat\/escjoanardevol\/wp-json\/wp\/v2\/posts\/5933\/revisions\/5940"}],"wp:featuredmedia":[{"embeddable":true,"href":"https:\/\/agora.xtec.cat\/escjoanardevol\/wp-json\/wp\/v2\/media\/5939"}],"wp:attachment":[{"href":"https:\/\/agora.xtec.cat\/escjoanardevol\/wp-json\/wp\/v2\/media?parent=5933"}],"wp:term":[{"taxonomy":"category","embeddable":true,"href":"https:\/\/agora.xtec.cat\/escjoanardevol\/wp-json\/wp\/v2\/categories?post=5933"},{"taxonomy":"post_tag","embeddable":true,"href":"https:\/\/agora.xtec.cat\/escjoanardevol\/wp-json\/wp\/v2\/tags?post=5933"}],"curies":[{"name":"wp","href":"https:\/\/api.w.org\/{rel}","templated":true}]}}