{"id":5908,"date":"2019-03-13T12:56:52","date_gmt":"2019-03-13T11:56:52","guid":{"rendered":"http:\/\/agora.xtec.cat\/escjoanardevol\/?p=5908"},"modified":"2019-03-13T13:24:18","modified_gmt":"2019-03-13T12:24:18","slug":"p5-fa-un-viatge-de-cine","status":"publish","type":"post","link":"https:\/\/agora.xtec.cat\/escjoanardevol\/general\/p5-fa-un-viatge-de-cine\/","title":{"rendered":"P5 fa un viatge de cine"},"content":{"rendered":"<p>El dimarts 12 de mar\u00e7 al mat\u00ed els nens i les nenes de P5 hem anat amb el trenet al cinema Rambla de l&#8217;Art de Cambrils.<br \/>\nAll\u00ed hem visitat la cabina de projecci\u00f3, tamb\u00e9 hem participat en un petit taller de disfresses tematitzades i per concloure l&#8217;activitat hem vist la pel\u00b7l\u00edcula El Gr\u00fafal.<br \/>\nQue b\u00e9 ens ho hem passat!<\/p>\n<p><a href=\"https:\/\/photos.app.goo.gl\/7n8E5qyPWsERNGpBA\" target=\"_blank\" rel=\"noopener\"><img loading=\"lazy\" decoding=\"async\" class=\"alignleft wp-image-5909 size-medium\" src=\"https:\/\/agora.xtec.cat\/escjoanardevol\/wp-content\/uploads\/usu550\/2019\/03\/photocall04-c\u00f2pia-300x200.jpg\" alt=\"\" width=\"300\" height=\"200\" srcset=\"https:\/\/agora.xtec.cat\/escjoanardevol\/wp-content\/uploads\/usu550\/2019\/03\/photocall04-c\u00f2pia-300x200.jpg 300w, https:\/\/agora.xtec.cat\/escjoanardevol\/wp-content\/uploads\/usu550\/2019\/03\/photocall04-c\u00f2pia-768x512.jpg 768w, https:\/\/agora.xtec.cat\/escjoanardevol\/wp-content\/uploads\/usu550\/2019\/03\/photocall04-c\u00f2pia.jpg 810w\" sizes=\"auto, (max-width: 300px) 100vw, 300px\" \/><\/a><\/p>\n","protected":false},"excerpt":{"rendered":"<p>El dimarts 12 de mar\u00e7 al mat\u00ed els nens i les nenes de P5 hem anat amb el trenet al cinema Rambla de l&#8217;Art de Cambrils.<br \/>\nAll\u00ed hem visitat la cabina de projecci\u00f3, tamb\u00e9 hem participat en un petit taller de disfresses tematitzades i per concloure&hellip;  <a href=\"https:\/\/agora.xtec.cat\/escjoanardevol\/general\/p5-fa-un-viatge-de-cine\/\" title=\"Read P5 fa un viatge de cine\">Llegeix m\u00e9s\u00bb<\/a><\/p>\n","protected":false},"author":1,"featured_media":5909,"comment_status":"closed","ping_status":"closed","sticky":false,"template":"","format":"standard","meta":{"_bbp_topic_count":0,"_bbp_reply_count":0,"_bbp_total_topic_count":0,"_bbp_total_reply_count":0,"_bbp_voice_count":0,"_bbp_anonymous_reply_count":0,"_bbp_topic_count_hidden":0,"_bbp_reply_count_hidden":0,"_bbp_forum_subforum_count":0,"footnotes":""},"categories":[1,4],"tags":[59,69,103,16],"class_list":["post-5908","post","type-post","status-publish","format-standard","has-post-thumbnail","hentry","category-general","category-portada","tag-activitats","tag-cambrils","tag-educacio-infantil","tag-sortides"],"post_mailing_queue_ids":[],"_links":{"self":[{"href":"https:\/\/agora.xtec.cat\/escjoanardevol\/wp-json\/wp\/v2\/posts\/5908","targetHints":{"allow":["GET"]}}],"collection":[{"href":"https:\/\/agora.xtec.cat\/escjoanardevol\/wp-json\/wp\/v2\/posts"}],"about":[{"href":"https:\/\/agora.xtec.cat\/escjoanardevol\/wp-json\/wp\/v2\/types\/post"}],"author":[{"embeddable":true,"href":"https:\/\/agora.xtec.cat\/escjoanardevol\/wp-json\/wp\/v2\/users\/1"}],"replies":[{"embeddable":true,"href":"https:\/\/agora.xtec.cat\/escjoanardevol\/wp-json\/wp\/v2\/comments?post=5908"}],"version-history":[{"count":3,"href":"https:\/\/agora.xtec.cat\/escjoanardevol\/wp-json\/wp\/v2\/posts\/5908\/revisions"}],"predecessor-version":[{"id":5913,"href":"https:\/\/agora.xtec.cat\/escjoanardevol\/wp-json\/wp\/v2\/posts\/5908\/revisions\/5913"}],"wp:featuredmedia":[{"embeddable":true,"href":"https:\/\/agora.xtec.cat\/escjoanardevol\/wp-json\/wp\/v2\/media\/5909"}],"wp:attachment":[{"href":"https:\/\/agora.xtec.cat\/escjoanardevol\/wp-json\/wp\/v2\/media?parent=5908"}],"wp:term":[{"taxonomy":"category","embeddable":true,"href":"https:\/\/agora.xtec.cat\/escjoanardevol\/wp-json\/wp\/v2\/categories?post=5908"},{"taxonomy":"post_tag","embeddable":true,"href":"https:\/\/agora.xtec.cat\/escjoanardevol\/wp-json\/wp\/v2\/tags?post=5908"}],"curies":[{"name":"wp","href":"https:\/\/api.w.org\/{rel}","templated":true}]}}