{"id":5897,"date":"2019-03-07T08:42:51","date_gmt":"2019-03-07T07:42:51","guid":{"rendered":"http:\/\/agora.xtec.cat\/escjoanardevol\/?p=5897"},"modified":"2019-03-07T08:42:51","modified_gmt":"2019-03-07T07:42:51","slug":"grups-interactius-a-p4-3","status":"publish","type":"post","link":"https:\/\/agora.xtec.cat\/escjoanardevol\/portada\/grups-interactius-a-p4-3\/","title":{"rendered":"Grups interactius a P4"},"content":{"rendered":"<p>A P4 continuem fent cada dimecres els grups interactius i ens agrada molt. Ens sembla una activitat molt complerta amb la qual aprenem, ens ho passem b\u00e9 i compartim amb les fam\u00edlies. Aquest mes hem aprofitat per fer puzles, jugar a d\u00f2mino, al memory, al Lince, a sudokus; hem fet construccions, hem cosit el n\u00fam. 5 i, fins i tot, hem pintat la nostra disfressa de Carnaval.<br \/>\nMOLTES GR\u00c0CIES A LES FAM\u00cdLIES PER LA SEVA COL\u00b7LABORACI\u00d3.<\/p>\n<p><a href=\"https:\/\/photos.app.goo.gl\/osYJ3NWzBzqtixXGA\" target=\"_blank\" rel=\"noopener\"><img loading=\"lazy\" decoding=\"async\" class=\"alignleft wp-image-5898 size-medium\" src=\"https:\/\/agora.xtec.cat\/escjoanardevol\/wp-content\/uploads\/usu550\/2019\/03\/IMG_6165-c\u00f2pia-300x225.jpg\" alt=\"\" width=\"300\" height=\"225\" srcset=\"https:\/\/agora.xtec.cat\/escjoanardevol\/wp-content\/uploads\/usu550\/2019\/03\/IMG_6165-c\u00f2pia-300x225.jpg 300w, https:\/\/agora.xtec.cat\/escjoanardevol\/wp-content\/uploads\/usu550\/2019\/03\/IMG_6165-c\u00f2pia-768x576.jpg 768w, https:\/\/agora.xtec.cat\/escjoanardevol\/wp-content\/uploads\/usu550\/2019\/03\/IMG_6165-c\u00f2pia-1024x768.jpg 1024w, https:\/\/agora.xtec.cat\/escjoanardevol\/wp-content\/uploads\/usu550\/2019\/03\/IMG_6165-c\u00f2pia-200x150.jpg 200w\" sizes=\"auto, (max-width: 300px) 100vw, 300px\" \/><\/a><\/p>\n","protected":false},"excerpt":{"rendered":"<p>A P4 continuem fent cada dimecres els grups interactius i ens agrada molt. Ens sembla una activitat molt complerta amb la qual aprenem, ens ho passem b\u00e9 i compartim amb les fam\u00edlies. Aquest mes hem aprofitat per fer puzles, jugar a d\u00f2mino, al memory, al&hellip;  <a href=\"https:\/\/agora.xtec.cat\/escjoanardevol\/portada\/grups-interactius-a-p4-3\/\" title=\"Read Grups interactius a P4\">Llegeix m\u00e9s\u00bb<\/a><\/p>\n","protected":false},"author":1,"featured_media":5898,"comment_status":"closed","ping_status":"closed","sticky":false,"template":"","format":"standard","meta":{"_bbp_topic_count":0,"_bbp_reply_count":0,"_bbp_total_topic_count":0,"_bbp_total_reply_count":0,"_bbp_voice_count":0,"_bbp_anonymous_reply_count":0,"_bbp_topic_count_hidden":0,"_bbp_reply_count_hidden":0,"_bbp_forum_subforum_count":0,"footnotes":""},"categories":[4],"tags":[59,71,94,103,231,182],"class_list":["post-5897","post","type-post","status-publish","format-standard","has-post-thumbnail","hentry","category-portada","tag-activitats","tag-carnaval","tag-cooperacio","tag-educacio-infantil","tag-grups-interactius","tag-treball"],"post_mailing_queue_ids":[],"_links":{"self":[{"href":"https:\/\/agora.xtec.cat\/escjoanardevol\/wp-json\/wp\/v2\/posts\/5897","targetHints":{"allow":["GET"]}}],"collection":[{"href":"https:\/\/agora.xtec.cat\/escjoanardevol\/wp-json\/wp\/v2\/posts"}],"about":[{"href":"https:\/\/agora.xtec.cat\/escjoanardevol\/wp-json\/wp\/v2\/types\/post"}],"author":[{"embeddable":true,"href":"https:\/\/agora.xtec.cat\/escjoanardevol\/wp-json\/wp\/v2\/users\/1"}],"replies":[{"embeddable":true,"href":"https:\/\/agora.xtec.cat\/escjoanardevol\/wp-json\/wp\/v2\/comments?post=5897"}],"version-history":[{"count":1,"href":"https:\/\/agora.xtec.cat\/escjoanardevol\/wp-json\/wp\/v2\/posts\/5897\/revisions"}],"predecessor-version":[{"id":5899,"href":"https:\/\/agora.xtec.cat\/escjoanardevol\/wp-json\/wp\/v2\/posts\/5897\/revisions\/5899"}],"wp:featuredmedia":[{"embeddable":true,"href":"https:\/\/agora.xtec.cat\/escjoanardevol\/wp-json\/wp\/v2\/media\/5898"}],"wp:attachment":[{"href":"https:\/\/agora.xtec.cat\/escjoanardevol\/wp-json\/wp\/v2\/media?parent=5897"}],"wp:term":[{"taxonomy":"category","embeddable":true,"href":"https:\/\/agora.xtec.cat\/escjoanardevol\/wp-json\/wp\/v2\/categories?post=5897"},{"taxonomy":"post_tag","embeddable":true,"href":"https:\/\/agora.xtec.cat\/escjoanardevol\/wp-json\/wp\/v2\/tags?post=5897"}],"curies":[{"name":"wp","href":"https:\/\/api.w.org\/{rel}","templated":true}]}}