{"id":5892,"date":"2019-03-05T12:35:39","date_gmt":"2019-03-05T11:35:39","guid":{"rendered":"http:\/\/agora.xtec.cat\/escjoanardevol\/?p=5892"},"modified":"2019-03-05T12:37:54","modified_gmt":"2019-03-05T11:37:54","slug":"concurs-lenigma-musical-de-radio-pinaret","status":"publish","type":"post","link":"https:\/\/agora.xtec.cat\/escjoanardevol\/general\/concurs-lenigma-musical-de-radio-pinaret\/","title":{"rendered":"Concurs l&#8217;enigma musical de R\u00e0dio Pinaret."},"content":{"rendered":"<p>Bon dia,<\/p>\n<p>Des de r\u00e0dio Pinaret volem felicitar a la classe de 5\u00e8 B per demostrar una gran participaci\u00f3 en el concurs l&#8217;enigma musical.<\/p>\n<p>Vam obrir una nova secci\u00f3 al programa de r\u00e0dio del primer trimestre<span style=\"font-family: inherit;font-size: 1em\">, l&#8217;enigma musical. La can\u00e7\u00f3 <strong>Bon dia<\/strong> dels Pets, va sonar a les entrades i sortides durant el primer trimestre i va ser l&#8217;escollida entre totes les que van sonar.<\/span><\/p>\n<p>Les dades que us deman\u00e0vem eren:<\/p>\n<p>Autor de la can\u00e7\u00f3: Llu\u00eds Gavald\u00e0<\/p>\n<p>Grup musical: Els Pets<\/p>\n<p>Any de publicaci\u00f3: 25 d&#8217;agost de 2008<\/p>\n<p>Felicitem a en <strong>D\u00eddac Montero<\/strong> de la classe de 5\u00e8 B per haver estat l&#8217;afortunat en la tria de tot l&#8217;alumnat que ha participat.<\/p>\n<p>Enhorabona!<\/p>\n<p><a href=\"https:\/\/agora.xtec.cat\/escjoanardevol\/wp-content\/uploads\/usu550\/2019\/03\/diploma-d\u00eddac.jpg\"><img loading=\"lazy\" decoding=\"async\" class=\" wp-image-5894 aligncenter\" src=\"https:\/\/agora.xtec.cat\/escjoanardevol\/wp-content\/uploads\/usu550\/2019\/03\/diploma-d\u00eddac-1024x692.jpg\" alt=\"\" width=\"508\" height=\"343\" srcset=\"https:\/\/agora.xtec.cat\/escjoanardevol\/wp-content\/uploads\/usu550\/2019\/03\/diploma-d\u00eddac-1024x692.jpg 1024w, https:\/\/agora.xtec.cat\/escjoanardevol\/wp-content\/uploads\/usu550\/2019\/03\/diploma-d\u00eddac-300x203.jpg 300w, https:\/\/agora.xtec.cat\/escjoanardevol\/wp-content\/uploads\/usu550\/2019\/03\/diploma-d\u00eddac-768x519.jpg 768w, https:\/\/agora.xtec.cat\/escjoanardevol\/wp-content\/uploads\/usu550\/2019\/03\/diploma-d\u00eddac.jpg 1108w\" sizes=\"auto, (max-width: 508px) 100vw, 508px\" \/><\/a><\/p>\n<p>&nbsp;<\/p>\n","protected":false},"excerpt":{"rendered":"<p>Bon dia,<br \/>\nDes de r\u00e0dio Pinaret volem felicitar a la classe de 5\u00e8 B per demostrar una gran participaci\u00f3 en el concurs l&#8217;enigma musical.<br \/>\nVam obrir una nova secci\u00f3 al programa de r\u00e0dio del primer trimestre, l&#8217;enigma musical. La can\u00e7\u00f3 Bon dia dels Pets, va sonar a&hellip;  <a href=\"https:\/\/agora.xtec.cat\/escjoanardevol\/general\/concurs-lenigma-musical-de-radio-pinaret\/\" title=\"Read Concurs l&#8217;enigma musical de R\u00e0dio Pinaret.\">Llegeix m\u00e9s\u00bb<\/a><\/p>\n","protected":false},"author":5,"featured_media":5893,"comment_status":"closed","ping_status":"closed","sticky":false,"template":"","format":"standard","meta":{"_bbp_topic_count":0,"_bbp_reply_count":0,"_bbp_total_topic_count":0,"_bbp_total_reply_count":0,"_bbp_voice_count":0,"_bbp_anonymous_reply_count":0,"_bbp_topic_count_hidden":0,"_bbp_reply_count_hidden":0,"_bbp_forum_subforum_count":0,"footnotes":""},"categories":[1,4],"tags":[],"class_list":["post-5892","post","type-post","status-publish","format-standard","has-post-thumbnail","hentry","category-general","category-portada"],"post_mailing_queue_ids":[],"_links":{"self":[{"href":"https:\/\/agora.xtec.cat\/escjoanardevol\/wp-json\/wp\/v2\/posts\/5892","targetHints":{"allow":["GET"]}}],"collection":[{"href":"https:\/\/agora.xtec.cat\/escjoanardevol\/wp-json\/wp\/v2\/posts"}],"about":[{"href":"https:\/\/agora.xtec.cat\/escjoanardevol\/wp-json\/wp\/v2\/types\/post"}],"author":[{"embeddable":true,"href":"https:\/\/agora.xtec.cat\/escjoanardevol\/wp-json\/wp\/v2\/users\/5"}],"replies":[{"embeddable":true,"href":"https:\/\/agora.xtec.cat\/escjoanardevol\/wp-json\/wp\/v2\/comments?post=5892"}],"version-history":[{"count":2,"href":"https:\/\/agora.xtec.cat\/escjoanardevol\/wp-json\/wp\/v2\/posts\/5892\/revisions"}],"predecessor-version":[{"id":5896,"href":"https:\/\/agora.xtec.cat\/escjoanardevol\/wp-json\/wp\/v2\/posts\/5892\/revisions\/5896"}],"wp:featuredmedia":[{"embeddable":true,"href":"https:\/\/agora.xtec.cat\/escjoanardevol\/wp-json\/wp\/v2\/media\/5893"}],"wp:attachment":[{"href":"https:\/\/agora.xtec.cat\/escjoanardevol\/wp-json\/wp\/v2\/media?parent=5892"}],"wp:term":[{"taxonomy":"category","embeddable":true,"href":"https:\/\/agora.xtec.cat\/escjoanardevol\/wp-json\/wp\/v2\/categories?post=5892"},{"taxonomy":"post_tag","embeddable":true,"href":"https:\/\/agora.xtec.cat\/escjoanardevol\/wp-json\/wp\/v2\/tags?post=5892"}],"curies":[{"name":"wp","href":"https:\/\/api.w.org\/{rel}","templated":true}]}}