{"id":5878,"date":"2019-02-28T19:14:29","date_gmt":"2019-02-28T18:14:29","guid":{"rendered":"http:\/\/agora.xtec.cat\/escjoanardevol\/?p=5878"},"modified":"2019-02-28T19:14:29","modified_gmt":"2019-02-28T18:14:29","slug":"taller-gospel-amb-kawa-quartet","status":"publish","type":"post","link":"https:\/\/agora.xtec.cat\/escjoanardevol\/portada\/taller-gospel-amb-kawa-quartet\/","title":{"rendered":"Taller g\u00f2spel amb Kaw\u00e1 Quartet"},"content":{"rendered":"<p>Avui per la tarda , a 5\u00e8 hem fet un taller de g\u00f2spel molt especial. La mare del Lucas, la Rita, ha vingut a l&#8217;escola acompanyada d&#8217;unes persones genials, el Kaw\u00e1 Quartet format per Patrick,\u00a0 Michael, Silver i Deo. Ens han fet un taller de g\u00f2spel afric\u00e0: ens han cantat can\u00e7ons, ens han fet ballar i cantar, tot plegat amb molt bon ritme, can\u00e7ons plenes de missatge.<\/p>\n<p>El Kaw\u00e1 Quartet ara estan a Cambrils per una bona causa, fent concerts per col\u00b7laborar amb la fundaci\u00f3 <a href=\"http:\/\/www.mmunye.org\" target=\"_blank\" rel=\"noopener\">MMUNYE<\/a> que promou l&#8217;educaci\u00f3 a Uganda.<\/p>\n<p>Hem fet fotos i algun video:<\/p>\n<p><a href=\"https:\/\/photos.app.goo.gl\/b3BUhKtr8xpdG3aA6\" target=\"_blank\" rel=\"noopener\"><img loading=\"lazy\" decoding=\"async\" class=\"alignnone wp-image-5879 size-medium\" src=\"https:\/\/agora.xtec.cat\/escjoanardevol\/wp-content\/uploads\/usu550\/2019\/02\/DSC_0162-c\u00f2pia-300x200.jpg\" alt=\"\" width=\"300\" height=\"200\" srcset=\"https:\/\/agora.xtec.cat\/escjoanardevol\/wp-content\/uploads\/usu550\/2019\/02\/DSC_0162-c\u00f2pia-300x200.jpg 300w, https:\/\/agora.xtec.cat\/escjoanardevol\/wp-content\/uploads\/usu550\/2019\/02\/DSC_0162-c\u00f2pia-768x512.jpg 768w, https:\/\/agora.xtec.cat\/escjoanardevol\/wp-content\/uploads\/usu550\/2019\/02\/DSC_0162-c\u00f2pia-1024x683.jpg 1024w\" sizes=\"auto, (max-width: 300px) 100vw, 300px\" \/><\/a><\/p>\n","protected":false},"excerpt":{"rendered":"<p>Avui per la tarda , a 5\u00e8 hem fet un taller de g\u00f2spel molt especial. La mare del Lucas, la Rita, ha vingut a l&#8217;escola acompanyada d&#8217;unes persones genials, el Kaw\u00e1 Quartet format per Patrick,\u00a0 Michael, Silver i Deo. Ens han fet un taller de&hellip;  <a href=\"https:\/\/agora.xtec.cat\/escjoanardevol\/portada\/taller-gospel-amb-kawa-quartet\/\" title=\"Read Taller g\u00f2spel amb Kaw\u00e1 Quartet\">Llegeix m\u00e9s\u00bb<\/a><\/p>\n","protected":false},"author":1,"featured_media":5879,"comment_status":"closed","ping_status":"closed","sticky":false,"template":"","format":"standard","meta":{"_bbp_topic_count":0,"_bbp_reply_count":0,"_bbp_total_topic_count":0,"_bbp_total_reply_count":0,"_bbp_voice_count":0,"_bbp_anonymous_reply_count":0,"_bbp_topic_count_hidden":0,"_bbp_reply_count_hidden":0,"_bbp_forum_subforum_count":0,"footnotes":""},"categories":[14,4],"tags":[59,77,82,94,145,187],"class_list":["post-5878","post","type-post","status-publish","format-standard","has-post-thumbnail","hentry","category-5e","category-portada","tag-activitats","tag-cicle-superior-2","tag-cinque","tag-cooperacio","tag-musica","tag-valors"],"post_mailing_queue_ids":[],"_links":{"self":[{"href":"https:\/\/agora.xtec.cat\/escjoanardevol\/wp-json\/wp\/v2\/posts\/5878","targetHints":{"allow":["GET"]}}],"collection":[{"href":"https:\/\/agora.xtec.cat\/escjoanardevol\/wp-json\/wp\/v2\/posts"}],"about":[{"href":"https:\/\/agora.xtec.cat\/escjoanardevol\/wp-json\/wp\/v2\/types\/post"}],"author":[{"embeddable":true,"href":"https:\/\/agora.xtec.cat\/escjoanardevol\/wp-json\/wp\/v2\/users\/1"}],"replies":[{"embeddable":true,"href":"https:\/\/agora.xtec.cat\/escjoanardevol\/wp-json\/wp\/v2\/comments?post=5878"}],"version-history":[{"count":1,"href":"https:\/\/agora.xtec.cat\/escjoanardevol\/wp-json\/wp\/v2\/posts\/5878\/revisions"}],"predecessor-version":[{"id":5880,"href":"https:\/\/agora.xtec.cat\/escjoanardevol\/wp-json\/wp\/v2\/posts\/5878\/revisions\/5880"}],"wp:featuredmedia":[{"embeddable":true,"href":"https:\/\/agora.xtec.cat\/escjoanardevol\/wp-json\/wp\/v2\/media\/5879"}],"wp:attachment":[{"href":"https:\/\/agora.xtec.cat\/escjoanardevol\/wp-json\/wp\/v2\/media?parent=5878"}],"wp:term":[{"taxonomy":"category","embeddable":true,"href":"https:\/\/agora.xtec.cat\/escjoanardevol\/wp-json\/wp\/v2\/categories?post=5878"},{"taxonomy":"post_tag","embeddable":true,"href":"https:\/\/agora.xtec.cat\/escjoanardevol\/wp-json\/wp\/v2\/tags?post=5878"}],"curies":[{"name":"wp","href":"https:\/\/api.w.org\/{rel}","templated":true}]}}