{"id":5869,"date":"2019-02-27T13:19:28","date_gmt":"2019-02-27T12:19:28","guid":{"rendered":"http:\/\/agora.xtec.cat\/escjoanardevol\/?p=5869"},"modified":"2019-02-27T13:19:28","modified_gmt":"2019-02-27T12:19:28","slug":"endavant-amb-el-reciclatge","status":"publish","type":"post","link":"https:\/\/agora.xtec.cat\/escjoanardevol\/portada\/endavant-amb-el-reciclatge\/","title":{"rendered":"Endavant amb el reciclatge!"},"content":{"rendered":"<p>Els Agents Verds \u00faltimament tenim molta feina amb la recollida selectiva per classes!<br \/>\nSom conscients de la import\u00e0ncia que per fer b\u00e9 aquesta tasca cal la implicaci\u00f3 de tots i totes.\u00a0 Per aquest motiu volem agrair als tutors i tutores i a tots els nens i nenes que seguiu col\u00b7laborant amb nosaltres.<\/p>\n<p><img loading=\"lazy\" decoding=\"async\" class=\"size-medium wp-image-5870 alignnone\" src=\"https:\/\/agora.xtec.cat\/escjoanardevol\/wp-content\/uploads\/usu550\/2019\/02\/Reciclatge-27-febrer-c\u00f2pia-225x300.jpg\" alt=\"\" width=\"225\" height=\"300\" srcset=\"https:\/\/agora.xtec.cat\/escjoanardevol\/wp-content\/uploads\/usu550\/2019\/02\/Reciclatge-27-febrer-c\u00f2pia-225x300.jpg 225w, https:\/\/agora.xtec.cat\/escjoanardevol\/wp-content\/uploads\/usu550\/2019\/02\/Reciclatge-27-febrer-c\u00f2pia-768x1024.jpg 768w, https:\/\/agora.xtec.cat\/escjoanardevol\/wp-content\/uploads\/usu550\/2019\/02\/Reciclatge-27-febrer-c\u00f2pia.jpg 1560w\" sizes=\"auto, (max-width: 225px) 100vw, 225px\" \/><\/p>\n<p>No oblideu que tamb\u00e9 podeu portar piles per enviar al planeta a Apilo, a veure quina classe arriba primer als 90 kg!<\/p>\n<p><img loading=\"lazy\" decoding=\"async\" class=\"alignleft size-medium wp-image-5871\" src=\"https:\/\/agora.xtec.cat\/escjoanardevol\/wp-content\/uploads\/usu550\/2019\/02\/Apilo-27-febrer-226x300.jpg\" alt=\"\" width=\"226\" height=\"300\" srcset=\"https:\/\/agora.xtec.cat\/escjoanardevol\/wp-content\/uploads\/usu550\/2019\/02\/Apilo-27-febrer-226x300.jpg 226w, https:\/\/agora.xtec.cat\/escjoanardevol\/wp-content\/uploads\/usu550\/2019\/02\/Apilo-27-febrer.jpg 685w\" sizes=\"auto, (max-width: 226px) 100vw, 226px\" \/><\/p>\n","protected":false},"excerpt":{"rendered":"<p>Els Agents Verds \u00faltimament tenim molta feina amb la recollida selectiva per classes!<br \/>\nSom conscients de la import\u00e0ncia que per fer b\u00e9 aquesta tasca cal la implicaci\u00f3 de tots i totes.\u00a0 Per aquest motiu volem agrair als tutors i tutores i a tots els nens i&hellip;  <a href=\"https:\/\/agora.xtec.cat\/escjoanardevol\/portada\/endavant-amb-el-reciclatge\/\" title=\"Read Endavant amb el reciclatge!\">Llegeix m\u00e9s\u00bb<\/a><\/p>\n","protected":false},"author":1,"featured_media":5870,"comment_status":"closed","ping_status":"closed","sticky":false,"template":"","format":"standard","meta":{"_bbp_topic_count":0,"_bbp_reply_count":0,"_bbp_total_topic_count":0,"_bbp_total_reply_count":0,"_bbp_voice_count":0,"_bbp_anonymous_reply_count":0,"_bbp_topic_count_hidden":0,"_bbp_reply_count_hidden":0,"_bbp_forum_subforum_count":0,"footnotes":""},"categories":[206,4],"tags":[75,76,77,103,108,170],"class_list":["post-5869","post","type-post","status-publish","format-standard","has-post-thumbnail","hentry","category-verda","category-portada","tag-cicle-inicial","tag-cicle-mitja","tag-cicle-superior-2","tag-educacio-infantil","tag-escola-verda","tag-sise"],"post_mailing_queue_ids":[],"_links":{"self":[{"href":"https:\/\/agora.xtec.cat\/escjoanardevol\/wp-json\/wp\/v2\/posts\/5869","targetHints":{"allow":["GET"]}}],"collection":[{"href":"https:\/\/agora.xtec.cat\/escjoanardevol\/wp-json\/wp\/v2\/posts"}],"about":[{"href":"https:\/\/agora.xtec.cat\/escjoanardevol\/wp-json\/wp\/v2\/types\/post"}],"author":[{"embeddable":true,"href":"https:\/\/agora.xtec.cat\/escjoanardevol\/wp-json\/wp\/v2\/users\/1"}],"replies":[{"embeddable":true,"href":"https:\/\/agora.xtec.cat\/escjoanardevol\/wp-json\/wp\/v2\/comments?post=5869"}],"version-history":[{"count":1,"href":"https:\/\/agora.xtec.cat\/escjoanardevol\/wp-json\/wp\/v2\/posts\/5869\/revisions"}],"predecessor-version":[{"id":5872,"href":"https:\/\/agora.xtec.cat\/escjoanardevol\/wp-json\/wp\/v2\/posts\/5869\/revisions\/5872"}],"wp:featuredmedia":[{"embeddable":true,"href":"https:\/\/agora.xtec.cat\/escjoanardevol\/wp-json\/wp\/v2\/media\/5870"}],"wp:attachment":[{"href":"https:\/\/agora.xtec.cat\/escjoanardevol\/wp-json\/wp\/v2\/media?parent=5869"}],"wp:term":[{"taxonomy":"category","embeddable":true,"href":"https:\/\/agora.xtec.cat\/escjoanardevol\/wp-json\/wp\/v2\/categories?post=5869"},{"taxonomy":"post_tag","embeddable":true,"href":"https:\/\/agora.xtec.cat\/escjoanardevol\/wp-json\/wp\/v2\/tags?post=5869"}],"curies":[{"name":"wp","href":"https:\/\/api.w.org\/{rel}","templated":true}]}}