{"id":5864,"date":"2019-02-25T09:01:26","date_gmt":"2019-02-25T08:01:26","guid":{"rendered":"http:\/\/agora.xtec.cat\/escjoanardevol\/?p=5864"},"modified":"2019-02-25T09:04:24","modified_gmt":"2019-02-25T08:04:24","slug":"els-instruments-de-corda-fregada-tornen-a-lescola","status":"publish","type":"post","link":"https:\/\/agora.xtec.cat\/escjoanardevol\/portada\/els-instruments-de-corda-fregada-tornen-a-lescola\/","title":{"rendered":"Els instruments de corda fregada tornen a l&#8217;escola"},"content":{"rendered":"<p>El passat 18 de febrer vam acabar les sessions de corda que ens van fer 4 professors de l&#8217;Escola de M\u00fasica de Cambrils.<\/p>\n<p>Per als alumnes de primer i quart van introduir el quartet de corda i les diferents t\u00e8cniques interpretatives, tot ben amenitzat amb una s\u00e8rie d&#8217;audicions seleccionades que van des del c\u00e8lebre c\u00e0non de Pachelbel, passant pel can-can m\u00e9s fam\u00f3s de Jaques Offenbach, un tango argent\u00ed i un rep\u00e0s al manga japon\u00e8s.<\/p>\n<p>Pels alumnes de cinqu\u00e8 ofereixen un passeig musical descriptiu, que mostra com els instruments imiten diferents aspectes de la natura, amb l&#8217;Estiu de les Quatre Estacions d&#8217;Antonio Vivaldi. O com imiten animals amb un duet per a violins de B\u00e9la Bartok, que imita els molests mosquits. A m\u00e9s de diferents parts del Carnaval dels Animals de Camille Saint- S\u00e4ens on es va burlant d&#8217;alguns instruments, tot acabant amb una pe\u00e7a cooperativa entre el quartet de corda i tots els alumnes amb la Simfonia de les Joguines.<\/p>\n<p>En canvi a sis\u00e8 ens van proposar una volta al m\u00f3n musical. Tot i que van comen\u00e7ar amb m\u00fasica tradicional nostrada. Els van donar a triar entre 13 n\u00fameros diferents i depenent de quin sortia s&#8217;interpretava m\u00fasica dels llocs assignats.<\/p>\n<p><a href=\"https:\/\/photos.app.goo.gl\/hVhRA7mj1C2QWtNq5\" target=\"_blank\" rel=\"noopener\"><img loading=\"lazy\" decoding=\"async\" class=\"alignleft wp-image-5865 size-medium\" src=\"https:\/\/agora.xtec.cat\/escjoanardevol\/wp-content\/uploads\/usu550\/2019\/02\/DSC_0114-c\u00f2pia-300x200.jpg\" alt=\"\" width=\"300\" height=\"200\" srcset=\"https:\/\/agora.xtec.cat\/escjoanardevol\/wp-content\/uploads\/usu550\/2019\/02\/DSC_0114-c\u00f2pia-300x200.jpg 300w, https:\/\/agora.xtec.cat\/escjoanardevol\/wp-content\/uploads\/usu550\/2019\/02\/DSC_0114-c\u00f2pia-768x512.jpg 768w, https:\/\/agora.xtec.cat\/escjoanardevol\/wp-content\/uploads\/usu550\/2019\/02\/DSC_0114-c\u00f2pia-1024x683.jpg 1024w\" sizes=\"auto, (max-width: 300px) 100vw, 300px\" \/><\/a><\/p>\n","protected":false},"excerpt":{"rendered":"<p>El passat 18 de febrer vam acabar les sessions de corda que ens van fer 4 professors de l&#8217;Escola de M\u00fasica de Cambrils.<br \/>\nPer als alumnes de primer i quart van introduir el quartet de corda i les diferents t\u00e8cniques interpretatives, tot ben amenitzat amb una&hellip;  <a href=\"https:\/\/agora.xtec.cat\/escjoanardevol\/portada\/els-instruments-de-corda-fregada-tornen-a-lescola\/\" title=\"Read Els instruments de corda fregada tornen a l&#8217;escola\">Llegeix m\u00e9s\u00bb<\/a><\/p>\n","protected":false},"author":1,"featured_media":5865,"comment_status":"closed","ping_status":"closed","sticky":false,"template":"","format":"standard","meta":{"_bbp_topic_count":0,"_bbp_reply_count":0,"_bbp_total_topic_count":0,"_bbp_total_reply_count":0,"_bbp_voice_count":0,"_bbp_anonymous_reply_count":0,"_bbp_topic_count_hidden":0,"_bbp_reply_count_hidden":0,"_bbp_forum_subforum_count":0,"footnotes":""},"categories":[4],"tags":[59,77,145],"class_list":["post-5864","post","type-post","status-publish","format-standard","has-post-thumbnail","hentry","category-portada","tag-activitats","tag-cicle-superior-2","tag-musica"],"post_mailing_queue_ids":[],"_links":{"self":[{"href":"https:\/\/agora.xtec.cat\/escjoanardevol\/wp-json\/wp\/v2\/posts\/5864","targetHints":{"allow":["GET"]}}],"collection":[{"href":"https:\/\/agora.xtec.cat\/escjoanardevol\/wp-json\/wp\/v2\/posts"}],"about":[{"href":"https:\/\/agora.xtec.cat\/escjoanardevol\/wp-json\/wp\/v2\/types\/post"}],"author":[{"embeddable":true,"href":"https:\/\/agora.xtec.cat\/escjoanardevol\/wp-json\/wp\/v2\/users\/1"}],"replies":[{"embeddable":true,"href":"https:\/\/agora.xtec.cat\/escjoanardevol\/wp-json\/wp\/v2\/comments?post=5864"}],"version-history":[{"count":3,"href":"https:\/\/agora.xtec.cat\/escjoanardevol\/wp-json\/wp\/v2\/posts\/5864\/revisions"}],"predecessor-version":[{"id":5868,"href":"https:\/\/agora.xtec.cat\/escjoanardevol\/wp-json\/wp\/v2\/posts\/5864\/revisions\/5868"}],"wp:featuredmedia":[{"embeddable":true,"href":"https:\/\/agora.xtec.cat\/escjoanardevol\/wp-json\/wp\/v2\/media\/5865"}],"wp:attachment":[{"href":"https:\/\/agora.xtec.cat\/escjoanardevol\/wp-json\/wp\/v2\/media?parent=5864"}],"wp:term":[{"taxonomy":"category","embeddable":true,"href":"https:\/\/agora.xtec.cat\/escjoanardevol\/wp-json\/wp\/v2\/categories?post=5864"},{"taxonomy":"post_tag","embeddable":true,"href":"https:\/\/agora.xtec.cat\/escjoanardevol\/wp-json\/wp\/v2\/tags?post=5864"}],"curies":[{"name":"wp","href":"https:\/\/api.w.org\/{rel}","templated":true}]}}