{"id":5857,"date":"2019-02-20T15:28:53","date_gmt":"2019-02-20T14:28:53","guid":{"rendered":"http:\/\/agora.xtec.cat\/escjoanardevol\/?p=5857"},"modified":"2019-02-20T17:51:50","modified_gmt":"2019-02-20T16:51:50","slug":"tallers-de-matematiques-a-linstitut-ramon-berenguer-iv","status":"publish","type":"post","link":"https:\/\/agora.xtec.cat\/escjoanardevol\/portada\/tallers-de-matematiques-a-linstitut-ramon-berenguer-iv\/","title":{"rendered":"Tallers de matem\u00e0tiques a l&#8217;Institut Ramon Berenguer IV"},"content":{"rendered":"<p>Divendres 15 de febrer, els alumnes de 6\u00e8 vam assistir a unes jornades matem\u00e0tiques que els alumnes de 4rt d\u2019ESO de l\u2019Institut Ramon Berenguer IV havien preparat per demostrar-nos que les matem\u00e0tiques poden ser molt divertides. Des de demostrar el teorema de Pit\u00e0gores amb un giny que contenia l\u00edquids de colors fins a ser conscients de com ens enganya el cervell pel que fa a la perspectiva.<\/p>\n<p>Va ser una experi\u00e8ncia molt enriquidora que ens va deixar entusiasmats per les matem\u00e0tiques.<\/p>\n<p><a href=\"https:\/\/photos.app.goo.gl\/wsq9xTp2EHb9cZEu5\" target=\"_blank\" rel=\"noopener\"><img loading=\"lazy\" decoding=\"async\" class=\"alignleft wp-image-5858 size-medium\" src=\"https:\/\/agora.xtec.cat\/escjoanardevol\/wp-content\/uploads\/usu550\/2019\/02\/20190215_112831-c\u00f2pia-300x169.jpg\" alt=\"\" width=\"300\" height=\"169\" srcset=\"https:\/\/agora.xtec.cat\/escjoanardevol\/wp-content\/uploads\/usu550\/2019\/02\/20190215_112831-c\u00f2pia-300x169.jpg 300w, https:\/\/agora.xtec.cat\/escjoanardevol\/wp-content\/uploads\/usu550\/2019\/02\/20190215_112831-c\u00f2pia-768x432.jpg 768w, https:\/\/agora.xtec.cat\/escjoanardevol\/wp-content\/uploads\/usu550\/2019\/02\/20190215_112831-c\u00f2pia-1024x576.jpg 1024w, https:\/\/agora.xtec.cat\/escjoanardevol\/wp-content\/uploads\/usu550\/2019\/02\/20190215_112831-c\u00f2pia.jpg 2016w\" sizes=\"auto, (max-width: 300px) 100vw, 300px\" \/><\/a><\/p>\n","protected":false},"excerpt":{"rendered":"<p>Divendres 15 de febrer, els alumnes de 6\u00e8 vam assistir a unes jornades matem\u00e0tiques que els alumnes de 4rt d\u2019ESO de l\u2019Institut Ramon Berenguer IV havien preparat per demostrar-nos que les matem\u00e0tiques poden ser molt divertides. Des de demostrar el teorema de Pit\u00e0gores amb un&hellip;  <a href=\"https:\/\/agora.xtec.cat\/escjoanardevol\/portada\/tallers-de-matematiques-a-linstitut-ramon-berenguer-iv\/\" title=\"Read Tallers de matem\u00e0tiques a l&#8217;Institut Ramon Berenguer IV\">Llegeix m\u00e9s\u00bb<\/a><\/p>\n","protected":false},"author":1,"featured_media":5858,"comment_status":"closed","ping_status":"closed","sticky":false,"template":"","format":"standard","meta":{"_bbp_topic_count":0,"_bbp_reply_count":0,"_bbp_total_topic_count":0,"_bbp_total_reply_count":0,"_bbp_voice_count":0,"_bbp_anonymous_reply_count":0,"_bbp_topic_count_hidden":0,"_bbp_reply_count_hidden":0,"_bbp_forum_subforum_count":0,"footnotes":""},"categories":[15,4],"tags":[59,69,77,80,170,16,182],"class_list":["post-5857","post","type-post","status-publish","format-standard","has-post-thumbnail","hentry","category-6e","category-portada","tag-activitats","tag-cambrils","tag-cicle-superior-2","tag-ciencies","tag-sise","tag-sortides","tag-treball"],"post_mailing_queue_ids":[],"_links":{"self":[{"href":"https:\/\/agora.xtec.cat\/escjoanardevol\/wp-json\/wp\/v2\/posts\/5857","targetHints":{"allow":["GET"]}}],"collection":[{"href":"https:\/\/agora.xtec.cat\/escjoanardevol\/wp-json\/wp\/v2\/posts"}],"about":[{"href":"https:\/\/agora.xtec.cat\/escjoanardevol\/wp-json\/wp\/v2\/types\/post"}],"author":[{"embeddable":true,"href":"https:\/\/agora.xtec.cat\/escjoanardevol\/wp-json\/wp\/v2\/users\/1"}],"replies":[{"embeddable":true,"href":"https:\/\/agora.xtec.cat\/escjoanardevol\/wp-json\/wp\/v2\/comments?post=5857"}],"version-history":[{"count":2,"href":"https:\/\/agora.xtec.cat\/escjoanardevol\/wp-json\/wp\/v2\/posts\/5857\/revisions"}],"predecessor-version":[{"id":5860,"href":"https:\/\/agora.xtec.cat\/escjoanardevol\/wp-json\/wp\/v2\/posts\/5857\/revisions\/5860"}],"wp:featuredmedia":[{"embeddable":true,"href":"https:\/\/agora.xtec.cat\/escjoanardevol\/wp-json\/wp\/v2\/media\/5858"}],"wp:attachment":[{"href":"https:\/\/agora.xtec.cat\/escjoanardevol\/wp-json\/wp\/v2\/media?parent=5857"}],"wp:term":[{"taxonomy":"category","embeddable":true,"href":"https:\/\/agora.xtec.cat\/escjoanardevol\/wp-json\/wp\/v2\/categories?post=5857"},{"taxonomy":"post_tag","embeddable":true,"href":"https:\/\/agora.xtec.cat\/escjoanardevol\/wp-json\/wp\/v2\/tags?post=5857"}],"curies":[{"name":"wp","href":"https:\/\/api.w.org\/{rel}","templated":true}]}}