{"id":5850,"date":"2019-02-18T13:07:11","date_gmt":"2019-02-18T12:07:11","guid":{"rendered":"http:\/\/agora.xtec.cat\/escjoanardevol\/?p=5850"},"modified":"2019-02-18T15:19:54","modified_gmt":"2019-02-18T14:19:54","slug":"ens-visita-lanna-de-professio-policia-municipal","status":"publish","type":"post","link":"https:\/\/agora.xtec.cat\/escjoanardevol\/general\/ens-visita-lanna-de-professio-policia-municipal\/","title":{"rendered":"Ens visita l&#8217;Anna, de professi\u00f3 policia municipal."},"content":{"rendered":"<p>Dimarts dia 12 de febrer ens va visitar l&#8217;Anna, de professi\u00f3 <strong>policia municipal<\/strong>. A l&#8217;Anna la coneixem del programa\u00a0Educaci\u00f3 vi\u00e0ria\u00a0a l&#8217;escola.<\/p>\n<p><span style=\"font-family: inherit;font-size: 1em\">Li vam fer un seguit de preguntes relacionades amb la seva professi\u00f3. A continuaci\u00f3 li vam explicar com compar\u00e0vem els oficis per tal de con\u00e9ixe&#8217;ls m\u00e9s b\u00e9, buscant les semblances i les difer\u00e8ncies i arribant a les mateixes conclusions; s&#8217;ha d&#8217;estudiar, es guanyen diners, tenen unes feines concretes i han de fer servir un material propi. Li va agradar com f\u00e9iem aquesta feina relacionada amb el periodisme.\u00a0 Vam passar una estona divertida i molt entretinguda. Vam veure l&#8217;hora i&#8230; ja eren dos quarts tocats!<\/span><\/p>\n<p>Li agra\u00efm la col\u00b7laboraci\u00f3 en el projecte Els oficis que estem desenvolupant els alumnes de 1r.<\/p>\n<p><a href=\"https:\/\/agora.xtec.cat\/escjoanardevol\/wp-content\/uploads\/usu550\/2019\/02\/IMG_18feb2019130533.jpg\"><img loading=\"lazy\" decoding=\"async\" class=\"size-large wp-image-5852 aligncenter\" src=\"https:\/\/agora.xtec.cat\/escjoanardevol\/wp-content\/uploads\/usu550\/2019\/02\/IMG_18feb2019130533-1024x768.jpg\" alt=\"\" width=\"1024\" height=\"768\" srcset=\"https:\/\/agora.xtec.cat\/escjoanardevol\/wp-content\/uploads\/usu550\/2019\/02\/IMG_18feb2019130533-1024x768.jpg 1024w, https:\/\/agora.xtec.cat\/escjoanardevol\/wp-content\/uploads\/usu550\/2019\/02\/IMG_18feb2019130533-300x225.jpg 300w, https:\/\/agora.xtec.cat\/escjoanardevol\/wp-content\/uploads\/usu550\/2019\/02\/IMG_18feb2019130533-768x576.jpg 768w, https:\/\/agora.xtec.cat\/escjoanardevol\/wp-content\/uploads\/usu550\/2019\/02\/IMG_18feb2019130533-200x150.jpg 200w, https:\/\/agora.xtec.cat\/escjoanardevol\/wp-content\/uploads\/usu550\/2019\/02\/IMG_18feb2019130533.jpg 1080w\" sizes=\"auto, (max-width: 1024px) 100vw, 1024px\" \/><\/a><\/p>\n","protected":false},"excerpt":{"rendered":"<p>Dimarts dia 12 de febrer ens va visitar l&#8217;Anna, de professi\u00f3 policia municipal. A l&#8217;Anna la coneixem del programa\u00a0Educaci\u00f3 vi\u00e0ria\u00a0a l&#8217;escola.<br \/>\nLi vam fer un seguit de preguntes relacionades amb la seva professi\u00f3. A continuaci\u00f3 li vam explicar com compar\u00e0vem els oficis per tal de con\u00e9ixe&#8217;ls&hellip;  <a href=\"https:\/\/agora.xtec.cat\/escjoanardevol\/general\/ens-visita-lanna-de-professio-policia-municipal\/\" title=\"Read Ens visita l&#8217;Anna, de professi\u00f3 policia municipal.\">Llegeix m\u00e9s\u00bb<\/a><\/p>\n","protected":false},"author":5,"featured_media":5851,"comment_status":"closed","ping_status":"closed","sticky":false,"template":"","format":"standard","meta":{"_bbp_topic_count":0,"_bbp_reply_count":0,"_bbp_total_topic_count":0,"_bbp_total_reply_count":0,"_bbp_voice_count":0,"_bbp_anonymous_reply_count":0,"_bbp_topic_count_hidden":0,"_bbp_reply_count_hidden":0,"_bbp_forum_subforum_count":0,"footnotes":""},"categories":[1,4],"tags":[],"class_list":["post-5850","post","type-post","status-publish","format-standard","has-post-thumbnail","hentry","category-general","category-portada"],"post_mailing_queue_ids":[],"_links":{"self":[{"href":"https:\/\/agora.xtec.cat\/escjoanardevol\/wp-json\/wp\/v2\/posts\/5850","targetHints":{"allow":["GET"]}}],"collection":[{"href":"https:\/\/agora.xtec.cat\/escjoanardevol\/wp-json\/wp\/v2\/posts"}],"about":[{"href":"https:\/\/agora.xtec.cat\/escjoanardevol\/wp-json\/wp\/v2\/types\/post"}],"author":[{"embeddable":true,"href":"https:\/\/agora.xtec.cat\/escjoanardevol\/wp-json\/wp\/v2\/users\/5"}],"replies":[{"embeddable":true,"href":"https:\/\/agora.xtec.cat\/escjoanardevol\/wp-json\/wp\/v2\/comments?post=5850"}],"version-history":[{"count":1,"href":"https:\/\/agora.xtec.cat\/escjoanardevol\/wp-json\/wp\/v2\/posts\/5850\/revisions"}],"predecessor-version":[{"id":5853,"href":"https:\/\/agora.xtec.cat\/escjoanardevol\/wp-json\/wp\/v2\/posts\/5850\/revisions\/5853"}],"wp:featuredmedia":[{"embeddable":true,"href":"https:\/\/agora.xtec.cat\/escjoanardevol\/wp-json\/wp\/v2\/media\/5851"}],"wp:attachment":[{"href":"https:\/\/agora.xtec.cat\/escjoanardevol\/wp-json\/wp\/v2\/media?parent=5850"}],"wp:term":[{"taxonomy":"category","embeddable":true,"href":"https:\/\/agora.xtec.cat\/escjoanardevol\/wp-json\/wp\/v2\/categories?post=5850"},{"taxonomy":"post_tag","embeddable":true,"href":"https:\/\/agora.xtec.cat\/escjoanardevol\/wp-json\/wp\/v2\/tags?post=5850"}],"curies":[{"name":"wp","href":"https:\/\/api.w.org\/{rel}","templated":true}]}}