{"id":5837,"date":"2019-02-13T10:44:41","date_gmt":"2019-02-13T09:44:41","guid":{"rendered":"http:\/\/agora.xtec.cat\/escjoanardevol\/?p=5837"},"modified":"2019-02-13T10:46:12","modified_gmt":"2019-02-13T09:46:12","slug":"grups-instrumentals-a-sise","status":"publish","type":"post","link":"https:\/\/agora.xtec.cat\/escjoanardevol\/portada\/grups-instrumentals-a-sise\/","title":{"rendered":"Grups Instrumentals a sis\u00e8"},"content":{"rendered":"<p>Aquest segon trimestre hem comen\u00e7at un projecte que implica la participaci\u00f3 dels alumnes de sis\u00e8 en la creaci\u00f3 d&#8217;acompanyaments r\u00edtmics amb instruments de petita percussi\u00f3 Orff, com: panderetes, caixes xineses, claus, cascavells, g\u00fciro, triangles, cr\u00f2tals, panderos i la melodia a c\u00e0rrec de les flautes.<\/p>\n<p>Per comen\u00e7ar hem recordat una pe\u00e7a musical de l&#8217;Albert Ketelbey (1875-1959) que porta per nom En un Mercat Persa.<\/p>\n<p>Us presentem dos v\u00eddeos un per cada grup de sis\u00e8, amb dos enfocaments diferents: en el cas de sis\u00e8 A comen\u00e7a la melodia i es va afegint la percussi\u00f3, mentre que en el cas de sis\u00e8 B primer comen\u00e7a la percussi\u00f3 i finalment s&#8217;incorpora la melodia.<\/p>\n<p><a href=\"https:\/\/photos.app.goo.gl\/gN9PFbN1eNVxbXke6\" target=\"_blank\" rel=\"noopener\"><img loading=\"lazy\" decoding=\"async\" class=\"alignleft wp-image-5838 size-medium\" src=\"https:\/\/agora.xtec.cat\/escjoanardevol\/wp-content\/uploads\/usu550\/2019\/02\/video6Ainstruments-300x166.jpg\" alt=\"\" width=\"300\" height=\"166\" srcset=\"https:\/\/agora.xtec.cat\/escjoanardevol\/wp-content\/uploads\/usu550\/2019\/02\/video6Ainstruments-300x166.jpg 300w, https:\/\/agora.xtec.cat\/escjoanardevol\/wp-content\/uploads\/usu550\/2019\/02\/video6Ainstruments.jpg 707w\" sizes=\"auto, (max-width: 300px) 100vw, 300px\" \/><\/a> <a href=\"https:\/\/photos.app.goo.gl\/gN9PFbN1eNVxbXke6\" target=\"_blank\" rel=\"noopener\"><img loading=\"lazy\" decoding=\"async\" class=\"alignleft wp-image-5839 size-medium\" src=\"https:\/\/agora.xtec.cat\/escjoanardevol\/wp-content\/uploads\/usu550\/2019\/02\/video6Binstruments-300x167.jpg\" alt=\"\" width=\"300\" height=\"167\" srcset=\"https:\/\/agora.xtec.cat\/escjoanardevol\/wp-content\/uploads\/usu550\/2019\/02\/video6Binstruments-300x167.jpg 300w, https:\/\/agora.xtec.cat\/escjoanardevol\/wp-content\/uploads\/usu550\/2019\/02\/video6Binstruments.jpg 704w\" sizes=\"auto, (max-width: 300px) 100vw, 300px\" \/><\/a><\/p>\n","protected":false},"excerpt":{"rendered":"<p>Aquest segon trimestre hem comen\u00e7at un projecte que implica la participaci\u00f3 dels alumnes de sis\u00e8 en la creaci\u00f3 d&#8217;acompanyaments r\u00edtmics amb instruments de petita percussi\u00f3 Orff, com: panderetes, caixes xineses, claus, cascavells, g\u00fciro, triangles, cr\u00f2tals, panderos i la melodia a c\u00e0rrec de les flautes.<br \/>\nPer comen\u00e7ar&hellip;  <a href=\"https:\/\/agora.xtec.cat\/escjoanardevol\/portada\/grups-instrumentals-a-sise\/\" title=\"Read Grups Instrumentals a sis\u00e8\">Llegeix m\u00e9s\u00bb<\/a><\/p>\n","protected":false},"author":1,"featured_media":5840,"comment_status":"closed","ping_status":"closed","sticky":false,"template":"","format":"standard","meta":{"_bbp_topic_count":0,"_bbp_reply_count":0,"_bbp_total_topic_count":0,"_bbp_total_reply_count":0,"_bbp_voice_count":0,"_bbp_anonymous_reply_count":0,"_bbp_topic_count_hidden":0,"_bbp_reply_count_hidden":0,"_bbp_forum_subforum_count":0,"footnotes":""},"categories":[4],"tags":[59,77,145,182],"class_list":["post-5837","post","type-post","status-publish","format-standard","has-post-thumbnail","hentry","category-portada","tag-activitats","tag-cicle-superior-2","tag-musica","tag-treball"],"post_mailing_queue_ids":[],"_links":{"self":[{"href":"https:\/\/agora.xtec.cat\/escjoanardevol\/wp-json\/wp\/v2\/posts\/5837","targetHints":{"allow":["GET"]}}],"collection":[{"href":"https:\/\/agora.xtec.cat\/escjoanardevol\/wp-json\/wp\/v2\/posts"}],"about":[{"href":"https:\/\/agora.xtec.cat\/escjoanardevol\/wp-json\/wp\/v2\/types\/post"}],"author":[{"embeddable":true,"href":"https:\/\/agora.xtec.cat\/escjoanardevol\/wp-json\/wp\/v2\/users\/1"}],"replies":[{"embeddable":true,"href":"https:\/\/agora.xtec.cat\/escjoanardevol\/wp-json\/wp\/v2\/comments?post=5837"}],"version-history":[{"count":2,"href":"https:\/\/agora.xtec.cat\/escjoanardevol\/wp-json\/wp\/v2\/posts\/5837\/revisions"}],"predecessor-version":[{"id":5842,"href":"https:\/\/agora.xtec.cat\/escjoanardevol\/wp-json\/wp\/v2\/posts\/5837\/revisions\/5842"}],"wp:featuredmedia":[{"embeddable":true,"href":"https:\/\/agora.xtec.cat\/escjoanardevol\/wp-json\/wp\/v2\/media\/5840"}],"wp:attachment":[{"href":"https:\/\/agora.xtec.cat\/escjoanardevol\/wp-json\/wp\/v2\/media?parent=5837"}],"wp:term":[{"taxonomy":"category","embeddable":true,"href":"https:\/\/agora.xtec.cat\/escjoanardevol\/wp-json\/wp\/v2\/categories?post=5837"},{"taxonomy":"post_tag","embeddable":true,"href":"https:\/\/agora.xtec.cat\/escjoanardevol\/wp-json\/wp\/v2\/tags?post=5837"}],"curies":[{"name":"wp","href":"https:\/\/api.w.org\/{rel}","templated":true}]}}