{"id":5792,"date":"2019-02-08T12:38:07","date_gmt":"2019-02-08T11:38:07","guid":{"rendered":"http:\/\/agora.xtec.cat\/escjoanardevol\/?p=5792"},"modified":"2019-02-07T17:43:57","modified_gmt":"2019-02-07T16:43:57","slug":"la-casa-exposicio-de-maquetes","status":"publish","type":"post","link":"https:\/\/agora.xtec.cat\/escjoanardevol\/general\/la-casa-exposicio-de-maquetes\/","title":{"rendered":"La casa. Exposici\u00f3 de maquetes."},"content":{"rendered":"<p>Avui dimarts hem obert l&#8217;exposici\u00f3 <strong>La casa<\/strong>. A partir de capses de\u00a0cart\u00f3, s&#8217;han realitzat un conjunt de maquetes. Ha estat un treball en grup, on s&#8217;han treballat les diferents <strong>parts de la casa<\/strong> i s&#8217;ha ampliat el <strong>vocabulari d&#8217;\u00fas habitual<\/strong> de l&#8217;alumnat, tot realitzat per <strong>l&#8217;alumnat de 1r<\/strong>. Cal valorar molt positivament la disposici\u00f3 de l&#8217;alumnat i la motivaci\u00f3 per tal de finalitzar les maquetes. Ha estat una feina d&#8217;<strong>enriquiment conjunt<\/strong>. Esperem que\u00a0us agradi.<\/p>\n<p>L&#8217;exposici\u00f3 romandr\u00e0 durant una setmana al passad\u00eds de primer.<\/p>\n<table class=\"aligncenter\" style=\"width: 100%; border-collapse: collapse;\" border=\"0\">\n<tbody>\n<tr style=\"height: 545px;\">\n<td style=\"width: 50%; height: 545px;\"><a href=\"https:\/\/agora.xtec.cat\/escjoanardevol\/wp-content\/uploads\/usu550\/2019\/02\/IMG_4559.jpg\"><img loading=\"lazy\" decoding=\"async\" class=\"alignnone size-large wp-image-5793\" src=\"https:\/\/agora.xtec.cat\/escjoanardevol\/wp-content\/uploads\/usu550\/2019\/02\/IMG_4559-1024x508.jpg\" alt=\"\" width=\"1024\" height=\"508\" srcset=\"https:\/\/agora.xtec.cat\/escjoanardevol\/wp-content\/uploads\/usu550\/2019\/02\/IMG_4559-1024x508.jpg 1024w, https:\/\/agora.xtec.cat\/escjoanardevol\/wp-content\/uploads\/usu550\/2019\/02\/IMG_4559-300x149.jpg 300w, https:\/\/agora.xtec.cat\/escjoanardevol\/wp-content\/uploads\/usu550\/2019\/02\/IMG_4559-768x381.jpg 768w\" sizes=\"auto, (max-width: 1024px) 100vw, 1024px\" \/><\/a> <a href=\"https:\/\/agora.xtec.cat\/escjoanardevol\/wp-content\/uploads\/usu550\/2019\/02\/IMG_4560.jpg\"><img loading=\"lazy\" decoding=\"async\" class=\"alignnone size-large wp-image-5794\" src=\"https:\/\/agora.xtec.cat\/escjoanardevol\/wp-content\/uploads\/usu550\/2019\/02\/IMG_4560-1024x409.jpg\" alt=\"\" width=\"1024\" height=\"409\" srcset=\"https:\/\/agora.xtec.cat\/escjoanardevol\/wp-content\/uploads\/usu550\/2019\/02\/IMG_4560-1024x409.jpg 1024w, https:\/\/agora.xtec.cat\/escjoanardevol\/wp-content\/uploads\/usu550\/2019\/02\/IMG_4560-300x120.jpg 300w, https:\/\/agora.xtec.cat\/escjoanardevol\/wp-content\/uploads\/usu550\/2019\/02\/IMG_4560-768x307.jpg 768w\" sizes=\"auto, (max-width: 1024px) 100vw, 1024px\" \/><\/a> <a href=\"https:\/\/agora.xtec.cat\/escjoanardevol\/wp-content\/uploads\/usu550\/2019\/02\/IMG_4561.jpg\"><img loading=\"lazy\" decoding=\"async\" class=\"alignnone size-large wp-image-5795\" src=\"https:\/\/agora.xtec.cat\/escjoanardevol\/wp-content\/uploads\/usu550\/2019\/02\/IMG_4561-1024x573.jpg\" alt=\"\" width=\"1024\" height=\"573\" srcset=\"https:\/\/agora.xtec.cat\/escjoanardevol\/wp-content\/uploads\/usu550\/2019\/02\/IMG_4561-1024x573.jpg 1024w, https:\/\/agora.xtec.cat\/escjoanardevol\/wp-content\/uploads\/usu550\/2019\/02\/IMG_4561-300x168.jpg 300w, https:\/\/agora.xtec.cat\/escjoanardevol\/wp-content\/uploads\/usu550\/2019\/02\/IMG_4561-768x430.jpg 768w\" sizes=\"auto, (max-width: 1024px) 100vw, 1024px\" \/><\/a> <a href=\"https:\/\/agora.xtec.cat\/escjoanardevol\/wp-content\/uploads\/usu550\/2019\/02\/IMG_4557.jpg\"><img loading=\"lazy\" decoding=\"async\" class=\"alignnone size-large wp-image-5796\" src=\"https:\/\/agora.xtec.cat\/escjoanardevol\/wp-content\/uploads\/usu550\/2019\/02\/IMG_4557-1024x460.jpg\" alt=\"\" width=\"1024\" height=\"460\" srcset=\"https:\/\/agora.xtec.cat\/escjoanardevol\/wp-content\/uploads\/usu550\/2019\/02\/IMG_4557-1024x460.jpg 1024w, https:\/\/agora.xtec.cat\/escjoanardevol\/wp-content\/uploads\/usu550\/2019\/02\/IMG_4557-300x135.jpg 300w, https:\/\/agora.xtec.cat\/escjoanardevol\/wp-content\/uploads\/usu550\/2019\/02\/IMG_4557-768x345.jpg 768w\" sizes=\"auto, (max-width: 1024px) 100vw, 1024px\" \/><\/a> <a href=\"https:\/\/agora.xtec.cat\/escjoanardevol\/wp-content\/uploads\/usu550\/2019\/02\/IMG_4558.jpg\"><img loading=\"lazy\" decoding=\"async\" class=\"alignnone size-large wp-image-5797\" src=\"https:\/\/agora.xtec.cat\/escjoanardevol\/wp-content\/uploads\/usu550\/2019\/02\/IMG_4558-1024x432.jpg\" alt=\"\" width=\"1024\" height=\"432\" srcset=\"https:\/\/agora.xtec.cat\/escjoanardevol\/wp-content\/uploads\/usu550\/2019\/02\/IMG_4558-1024x432.jpg 1024w, https:\/\/agora.xtec.cat\/escjoanardevol\/wp-content\/uploads\/usu550\/2019\/02\/IMG_4558-300x127.jpg 300w, https:\/\/agora.xtec.cat\/escjoanardevol\/wp-content\/uploads\/usu550\/2019\/02\/IMG_4558-768x324.jpg 768w\" sizes=\"auto, (max-width: 1024px) 100vw, 1024px\" \/><\/a><\/td>\n<\/tr>\n<\/tbody>\n<\/table>\n","protected":false},"excerpt":{"rendered":"<p>Avui dimarts hem obert l&#8217;exposici\u00f3 La casa. A partir de capses de\u00a0cart\u00f3, s&#8217;han realitzat un conjunt de maquetes. Ha estat un treball en grup, on s&#8217;han treballat les diferents parts de la casa i s&#8217;ha ampliat el vocabulari d&#8217;\u00fas habitual de l&#8217;alumnat, tot realitzat per&hellip;  <a href=\"https:\/\/agora.xtec.cat\/escjoanardevol\/general\/la-casa-exposicio-de-maquetes\/\" title=\"Read La casa. Exposici\u00f3 de maquetes.\">Llegeix m\u00e9s\u00bb<\/a><\/p>\n","protected":false},"author":5,"featured_media":5795,"comment_status":"closed","ping_status":"closed","sticky":false,"template":"","format":"standard","meta":{"_bbp_topic_count":0,"_bbp_reply_count":0,"_bbp_total_topic_count":0,"_bbp_total_reply_count":0,"_bbp_voice_count":0,"_bbp_anonymous_reply_count":0,"_bbp_topic_count_hidden":0,"_bbp_reply_count_hidden":0,"_bbp_forum_subforum_count":0,"footnotes":""},"categories":[1,4],"tags":[],"class_list":["post-5792","post","type-post","status-publish","format-standard","has-post-thumbnail","hentry","category-general","category-portada"],"post_mailing_queue_ids":[],"_links":{"self":[{"href":"https:\/\/agora.xtec.cat\/escjoanardevol\/wp-json\/wp\/v2\/posts\/5792","targetHints":{"allow":["GET"]}}],"collection":[{"href":"https:\/\/agora.xtec.cat\/escjoanardevol\/wp-json\/wp\/v2\/posts"}],"about":[{"href":"https:\/\/agora.xtec.cat\/escjoanardevol\/wp-json\/wp\/v2\/types\/post"}],"author":[{"embeddable":true,"href":"https:\/\/agora.xtec.cat\/escjoanardevol\/wp-json\/wp\/v2\/users\/5"}],"replies":[{"embeddable":true,"href":"https:\/\/agora.xtec.cat\/escjoanardevol\/wp-json\/wp\/v2\/comments?post=5792"}],"version-history":[{"count":3,"href":"https:\/\/agora.xtec.cat\/escjoanardevol\/wp-json\/wp\/v2\/posts\/5792\/revisions"}],"predecessor-version":[{"id":5806,"href":"https:\/\/agora.xtec.cat\/escjoanardevol\/wp-json\/wp\/v2\/posts\/5792\/revisions\/5806"}],"wp:featuredmedia":[{"embeddable":true,"href":"https:\/\/agora.xtec.cat\/escjoanardevol\/wp-json\/wp\/v2\/media\/5795"}],"wp:attachment":[{"href":"https:\/\/agora.xtec.cat\/escjoanardevol\/wp-json\/wp\/v2\/media?parent=5792"}],"wp:term":[{"taxonomy":"category","embeddable":true,"href":"https:\/\/agora.xtec.cat\/escjoanardevol\/wp-json\/wp\/v2\/categories?post=5792"},{"taxonomy":"post_tag","embeddable":true,"href":"https:\/\/agora.xtec.cat\/escjoanardevol\/wp-json\/wp\/v2\/tags?post=5792"}],"curies":[{"name":"wp","href":"https:\/\/api.w.org\/{rel}","templated":true}]}}