{"id":5766,"date":"2019-01-29T22:09:57","date_gmt":"2019-01-29T21:09:57","guid":{"rendered":"http:\/\/agora.xtec.cat\/escjoanardevol\/?p=5766"},"modified":"2019-01-31T11:36:34","modified_gmt":"2019-01-31T10:36:34","slug":"ens-visiten-la-mari-i-en-xavi-de-professio-policia","status":"publish","type":"post","link":"https:\/\/agora.xtec.cat\/escjoanardevol\/general\/ens-visiten-la-mari-i-en-xavi-de-professio-policia\/","title":{"rendered":"Ens visiten la Mari i en Xavi. De professi\u00f3, policia."},"content":{"rendered":"<p>Bona tarda. Aquest dimarts ha estat molt intens. Seguint el projecte <strong>ELS OFICIS<\/strong>, hem fet la segona entrevista.<\/p>\n<p>Seguint el nostre gui\u00f3 d&#8217;entrevista, a <strong>la Mari i a en Xavi<\/strong> els hem fet un seguit de preguntes. Aquestes han estat molt semblants a les preguntes que li hem fet a en Jordi pel mat\u00ed.<\/p>\n<p>Ha estat un goig poder comptar amb la participaci\u00f3 de la Mari i en Xavi que, en tot moment, han col\u00b7laborat al m\u00e0xim. Des d&#8217;aqu\u00ed els donem les gr\u00e0cies i una forta abra\u00e7ada.<\/p>\n<p><a href=\"https:\/\/agora.xtec.cat\/escjoanardevol\/wp-content\/uploads\/usu550\/2019\/01\/IMG_4352.jpg\"><img loading=\"lazy\" decoding=\"async\" class=\"alignnone size-large wp-image-5768\" src=\"https:\/\/agora.xtec.cat\/escjoanardevol\/wp-content\/uploads\/usu550\/2019\/01\/IMG_4352-1024x768.jpg\" alt=\"\" width=\"1024\" height=\"768\" srcset=\"https:\/\/agora.xtec.cat\/escjoanardevol\/wp-content\/uploads\/usu550\/2019\/01\/IMG_4352-1024x768.jpg 1024w, https:\/\/agora.xtec.cat\/escjoanardevol\/wp-content\/uploads\/usu550\/2019\/01\/IMG_4352-300x225.jpg 300w, https:\/\/agora.xtec.cat\/escjoanardevol\/wp-content\/uploads\/usu550\/2019\/01\/IMG_4352-768x576.jpg 768w, https:\/\/agora.xtec.cat\/escjoanardevol\/wp-content\/uploads\/usu550\/2019\/01\/IMG_4352-200x150.jpg 200w, https:\/\/agora.xtec.cat\/escjoanardevol\/wp-content\/uploads\/usu550\/2019\/01\/IMG_4352.jpg 1080w\" sizes=\"auto, (max-width: 1024px) 100vw, 1024px\" \/><\/a><\/p>\n","protected":false},"excerpt":{"rendered":"<p>Bona tarda. Aquest dimarts ha estat molt intens. Seguint el projecte ELS OFICIS, hem fet la segona entrevista.<br \/>\nSeguint el nostre gui\u00f3 d&#8217;entrevista, a la Mari i a en Xavi els hem fet un seguit de preguntes. Aquestes han estat molt semblants a les preguntes que&hellip;  <a href=\"https:\/\/agora.xtec.cat\/escjoanardevol\/general\/ens-visiten-la-mari-i-en-xavi-de-professio-policia\/\" title=\"Read Ens visiten la Mari i en Xavi. De professi\u00f3, policia.\">Llegeix m\u00e9s\u00bb<\/a><\/p>\n","protected":false},"author":5,"featured_media":5767,"comment_status":"closed","ping_status":"closed","sticky":false,"template":"","format":"standard","meta":{"_bbp_topic_count":0,"_bbp_reply_count":0,"_bbp_total_topic_count":0,"_bbp_total_reply_count":0,"_bbp_voice_count":0,"_bbp_anonymous_reply_count":0,"_bbp_topic_count_hidden":0,"_bbp_reply_count_hidden":0,"_bbp_forum_subforum_count":0,"footnotes":""},"categories":[1,4],"tags":[],"class_list":["post-5766","post","type-post","status-publish","format-standard","has-post-thumbnail","hentry","category-general","category-portada"],"post_mailing_queue_ids":[],"_links":{"self":[{"href":"https:\/\/agora.xtec.cat\/escjoanardevol\/wp-json\/wp\/v2\/posts\/5766","targetHints":{"allow":["GET"]}}],"collection":[{"href":"https:\/\/agora.xtec.cat\/escjoanardevol\/wp-json\/wp\/v2\/posts"}],"about":[{"href":"https:\/\/agora.xtec.cat\/escjoanardevol\/wp-json\/wp\/v2\/types\/post"}],"author":[{"embeddable":true,"href":"https:\/\/agora.xtec.cat\/escjoanardevol\/wp-json\/wp\/v2\/users\/5"}],"replies":[{"embeddable":true,"href":"https:\/\/agora.xtec.cat\/escjoanardevol\/wp-json\/wp\/v2\/comments?post=5766"}],"version-history":[{"count":2,"href":"https:\/\/agora.xtec.cat\/escjoanardevol\/wp-json\/wp\/v2\/posts\/5766\/revisions"}],"predecessor-version":[{"id":5778,"href":"https:\/\/agora.xtec.cat\/escjoanardevol\/wp-json\/wp\/v2\/posts\/5766\/revisions\/5778"}],"wp:featuredmedia":[{"embeddable":true,"href":"https:\/\/agora.xtec.cat\/escjoanardevol\/wp-json\/wp\/v2\/media\/5767"}],"wp:attachment":[{"href":"https:\/\/agora.xtec.cat\/escjoanardevol\/wp-json\/wp\/v2\/media?parent=5766"}],"wp:term":[{"taxonomy":"category","embeddable":true,"href":"https:\/\/agora.xtec.cat\/escjoanardevol\/wp-json\/wp\/v2\/categories?post=5766"},{"taxonomy":"post_tag","embeddable":true,"href":"https:\/\/agora.xtec.cat\/escjoanardevol\/wp-json\/wp\/v2\/tags?post=5766"}],"curies":[{"name":"wp","href":"https:\/\/api.w.org\/{rel}","templated":true}]}}