{"id":5740,"date":"2019-01-21T18:18:48","date_gmt":"2019-01-21T17:18:48","guid":{"rendered":"http:\/\/agora.xtec.cat\/escjoanardevol\/?p=5740"},"modified":"2019-01-22T11:49:39","modified_gmt":"2019-01-22T10:49:39","slug":"els-sentis-als-grups-interactius-de-p4","status":"publish","type":"post","link":"https:\/\/agora.xtec.cat\/escjoanardevol\/general\/els-sentis-als-grups-interactius-de-p4\/","title":{"rendered":"Els sentits als grups interactius de P4"},"content":{"rendered":"<p>Dimecres passat vam fer els grups interactius a la classe de P4. Va ser molt interessant poder treballar ELS SENTITS en petits grups amb les fam\u00edlies. Vam poder tocar, olorar, mirar, escoltar i, fins i tot, fer un petit tastet d&#8217;aliments per trobar el sabor dol\u00e7, amarg, salat o \u00e0cid. Un altre cop moltes gr\u00e0cies a les fam\u00edlies per la seva col\u00b7laboraci\u00f3.<\/p>\n<p><a href=\"https:\/\/photos.app.goo.gl\/iZNxB21ofTNfhvRK9\" target=\"_blank\" rel=\"noopener\"><img loading=\"lazy\" decoding=\"async\" class=\"alignleft wp-image-5741 size-medium\" src=\"https:\/\/agora.xtec.cat\/escjoanardevol\/wp-content\/uploads\/usu550\/2019\/01\/IMG_6044-c\u00f2pia-300x225.jpg\" alt=\"\" width=\"300\" height=\"225\" srcset=\"https:\/\/agora.xtec.cat\/escjoanardevol\/wp-content\/uploads\/usu550\/2019\/01\/IMG_6044-c\u00f2pia-300x225.jpg 300w, https:\/\/agora.xtec.cat\/escjoanardevol\/wp-content\/uploads\/usu550\/2019\/01\/IMG_6044-c\u00f2pia-768x576.jpg 768w, https:\/\/agora.xtec.cat\/escjoanardevol\/wp-content\/uploads\/usu550\/2019\/01\/IMG_6044-c\u00f2pia-1024x768.jpg 1024w, https:\/\/agora.xtec.cat\/escjoanardevol\/wp-content\/uploads\/usu550\/2019\/01\/IMG_6044-c\u00f2pia-200x150.jpg 200w\" sizes=\"auto, (max-width: 300px) 100vw, 300px\" \/><\/a><\/p>\n","protected":false},"excerpt":{"rendered":"<p>Dimecres passat vam fer els grups interactius a la classe de P4. Va ser molt interessant poder treballar ELS SENTITS en petits grups amb les fam\u00edlies. Vam poder tocar, olorar, mirar, escoltar i, fins i tot, fer un petit tastet d&#8217;aliments per trobar el sabor&hellip;  <a href=\"https:\/\/agora.xtec.cat\/escjoanardevol\/general\/els-sentis-als-grups-interactius-de-p4\/\" title=\"Read Els sentits als grups interactius de P4\">Llegeix m\u00e9s\u00bb<\/a><\/p>\n","protected":false},"author":1,"featured_media":5741,"comment_status":"closed","ping_status":"closed","sticky":false,"template":"","format":"standard","meta":{"_bbp_topic_count":0,"_bbp_reply_count":0,"_bbp_total_topic_count":0,"_bbp_total_reply_count":0,"_bbp_voice_count":0,"_bbp_anonymous_reply_count":0,"_bbp_topic_count_hidden":0,"_bbp_reply_count_hidden":0,"_bbp_forum_subforum_count":0,"footnotes":""},"categories":[1,2,8,4],"tags":[59,103,231],"class_list":["post-5740","post","type-post","status-publish","format-standard","has-post-thumbnail","hentry","category-general","category-infantil","category-p4","category-portada","tag-activitats","tag-educacio-infantil","tag-grups-interactius"],"post_mailing_queue_ids":[],"_links":{"self":[{"href":"https:\/\/agora.xtec.cat\/escjoanardevol\/wp-json\/wp\/v2\/posts\/5740","targetHints":{"allow":["GET"]}}],"collection":[{"href":"https:\/\/agora.xtec.cat\/escjoanardevol\/wp-json\/wp\/v2\/posts"}],"about":[{"href":"https:\/\/agora.xtec.cat\/escjoanardevol\/wp-json\/wp\/v2\/types\/post"}],"author":[{"embeddable":true,"href":"https:\/\/agora.xtec.cat\/escjoanardevol\/wp-json\/wp\/v2\/users\/1"}],"replies":[{"embeddable":true,"href":"https:\/\/agora.xtec.cat\/escjoanardevol\/wp-json\/wp\/v2\/comments?post=5740"}],"version-history":[{"count":2,"href":"https:\/\/agora.xtec.cat\/escjoanardevol\/wp-json\/wp\/v2\/posts\/5740\/revisions"}],"predecessor-version":[{"id":5743,"href":"https:\/\/agora.xtec.cat\/escjoanardevol\/wp-json\/wp\/v2\/posts\/5740\/revisions\/5743"}],"wp:featuredmedia":[{"embeddable":true,"href":"https:\/\/agora.xtec.cat\/escjoanardevol\/wp-json\/wp\/v2\/media\/5741"}],"wp:attachment":[{"href":"https:\/\/agora.xtec.cat\/escjoanardevol\/wp-json\/wp\/v2\/media?parent=5740"}],"wp:term":[{"taxonomy":"category","embeddable":true,"href":"https:\/\/agora.xtec.cat\/escjoanardevol\/wp-json\/wp\/v2\/categories?post=5740"},{"taxonomy":"post_tag","embeddable":true,"href":"https:\/\/agora.xtec.cat\/escjoanardevol\/wp-json\/wp\/v2\/tags?post=5740"}],"curies":[{"name":"wp","href":"https:\/\/api.w.org\/{rel}","templated":true}]}}