{"id":5731,"date":"2019-01-22T12:12:22","date_gmt":"2019-01-22T11:12:22","guid":{"rendered":"http:\/\/agora.xtec.cat\/escjoanardevol\/?p=5731"},"modified":"2019-01-22T12:23:28","modified_gmt":"2019-01-22T11:23:28","slug":"padrins-lectors-el-gust-per-la-lectura","status":"publish","type":"post","link":"https:\/\/agora.xtec.cat\/escjoanardevol\/general\/padrins-lectors-el-gust-per-la-lectura\/","title":{"rendered":"Padrins lectors. El gust per la lectura."},"content":{"rendered":"<p>Aquest dijous dia 17 de gener va ser el tret de sortida de l&#8217;activitat Padrins lectors. La promoci\u00f3 de l&#8217;h\u00e0bit lector aplega l&#8217;alumnat de 6\u00e8, els padrins i les padrines, i l&#8217;alumnat de 1r, els fillols i filloles. Ha estat una trobada de coneixen\u00e7a inicial, on el lligam afectiu ser\u00e0 el motor perqu\u00e8 padrins i padrines, fillols i filloles gaudeixin de l&#8217;aventura de llegir. Es van signar els <strong>carnets<\/strong> i els <strong>contractes<\/strong>. Amb el contracte, l&#8217;alumnat agafa el comprom\u00eds d&#8217;anar aprenent plegats i assistir cada dijous a la jornada de <strong>Padrins lectors<\/strong>.<\/p>\n<p>&nbsp;<\/p>\n<p><a href=\"https:\/\/agora.xtec.cat\/escjoanardevol\/wp-content\/uploads\/usu550\/2019\/01\/Padrins-1.jpg\"><img loading=\"lazy\" decoding=\"async\" class=\"size-large wp-image-5745 aligncenter\" src=\"https:\/\/agora.xtec.cat\/escjoanardevol\/wp-content\/uploads\/usu550\/2019\/01\/Padrins-1-1024x427.jpg\" alt=\"\" width=\"1024\" height=\"427\" srcset=\"https:\/\/agora.xtec.cat\/escjoanardevol\/wp-content\/uploads\/usu550\/2019\/01\/Padrins-1-1024x427.jpg 1024w, https:\/\/agora.xtec.cat\/escjoanardevol\/wp-content\/uploads\/usu550\/2019\/01\/Padrins-1-300x125.jpg 300w, https:\/\/agora.xtec.cat\/escjoanardevol\/wp-content\/uploads\/usu550\/2019\/01\/Padrins-1-768x320.jpg 768w\" sizes=\"auto, (max-width: 1024px) 100vw, 1024px\" \/><\/a><\/p>\n","protected":false},"excerpt":{"rendered":"<p>Aquest dijous dia 17 de gener va ser el tret de sortida de l&#8217;activitat Padrins lectors. La promoci\u00f3 de l&#8217;h\u00e0bit lector aplega l&#8217;alumnat de 6\u00e8, els padrins i les padrines, i l&#8217;alumnat de 1r, els fillols i filloles. Ha estat una trobada de coneixen\u00e7a inicial,&hellip;  <a href=\"https:\/\/agora.xtec.cat\/escjoanardevol\/general\/padrins-lectors-el-gust-per-la-lectura\/\" title=\"Read Padrins lectors. El gust per la lectura.\">Llegeix m\u00e9s\u00bb<\/a><\/p>\n","protected":false},"author":5,"featured_media":5748,"comment_status":"closed","ping_status":"closed","sticky":false,"template":"","format":"standard","meta":{"_bbp_topic_count":0,"_bbp_reply_count":0,"_bbp_total_topic_count":0,"_bbp_total_reply_count":0,"_bbp_voice_count":0,"_bbp_anonymous_reply_count":0,"_bbp_topic_count_hidden":0,"_bbp_reply_count_hidden":0,"_bbp_forum_subforum_count":0,"footnotes":""},"categories":[1,4],"tags":[],"class_list":["post-5731","post","type-post","status-publish","format-standard","has-post-thumbnail","hentry","category-general","category-portada"],"post_mailing_queue_ids":[],"_links":{"self":[{"href":"https:\/\/agora.xtec.cat\/escjoanardevol\/wp-json\/wp\/v2\/posts\/5731","targetHints":{"allow":["GET"]}}],"collection":[{"href":"https:\/\/agora.xtec.cat\/escjoanardevol\/wp-json\/wp\/v2\/posts"}],"about":[{"href":"https:\/\/agora.xtec.cat\/escjoanardevol\/wp-json\/wp\/v2\/types\/post"}],"author":[{"embeddable":true,"href":"https:\/\/agora.xtec.cat\/escjoanardevol\/wp-json\/wp\/v2\/users\/5"}],"replies":[{"embeddable":true,"href":"https:\/\/agora.xtec.cat\/escjoanardevol\/wp-json\/wp\/v2\/comments?post=5731"}],"version-history":[{"count":3,"href":"https:\/\/agora.xtec.cat\/escjoanardevol\/wp-json\/wp\/v2\/posts\/5731\/revisions"}],"predecessor-version":[{"id":5750,"href":"https:\/\/agora.xtec.cat\/escjoanardevol\/wp-json\/wp\/v2\/posts\/5731\/revisions\/5750"}],"wp:featuredmedia":[{"embeddable":true,"href":"https:\/\/agora.xtec.cat\/escjoanardevol\/wp-json\/wp\/v2\/media\/5748"}],"wp:attachment":[{"href":"https:\/\/agora.xtec.cat\/escjoanardevol\/wp-json\/wp\/v2\/media?parent=5731"}],"wp:term":[{"taxonomy":"category","embeddable":true,"href":"https:\/\/agora.xtec.cat\/escjoanardevol\/wp-json\/wp\/v2\/categories?post=5731"},{"taxonomy":"post_tag","embeddable":true,"href":"https:\/\/agora.xtec.cat\/escjoanardevol\/wp-json\/wp\/v2\/tags?post=5731"}],"curies":[{"name":"wp","href":"https:\/\/api.w.org\/{rel}","templated":true}]}}