{"id":5719,"date":"2019-01-14T15:59:53","date_gmt":"2019-01-14T14:59:53","guid":{"rendered":"http:\/\/agora.xtec.cat\/escjoanardevol\/?p=5719"},"modified":"2019-01-14T16:01:31","modified_gmt":"2019-01-14T15:01:31","slug":"ajuts-de-desplacaments-a-centres-escolars-deducacio-infantil-primaria-i-secundaria","status":"publish","type":"post","link":"https:\/\/agora.xtec.cat\/escjoanardevol\/portada\/ajuts-de-desplacaments-a-centres-escolars-deducacio-infantil-primaria-i-secundaria\/","title":{"rendered":"Ajuts de despla\u00e7aments a centres escolars d\u2019educaci\u00f3 infantil, prim\u00e0ria i secund\u00e0ria"},"content":{"rendered":"<p>El Consell Comarcal del Baix Camp ha obert el termini per sol\u00b7licitar els Ajuts individuals de despla\u00e7ament per al curs 2018-2019.<br \/>\nEn els enlla\u00e7os podeu trobar les bases on s\u2019indiquen els destinataris, els criteris de prioritzaci\u00f3 i la documentaci\u00f3 necess\u00e0ria.<br \/>\nCal presentar la sol\u00b7licitud i la documentaci\u00f3 obligat\u00f2ria a la secretaria del centre abans del 21 de febrer de 2019.<\/p>\n<p><img loading=\"lazy\" decoding=\"async\" class=\"alignnone\" src=\"http:\/\/1.bp.blogspot.com\/-M3rF988TbU8\/UUGSVf7HF5I\/AAAAAAAAFLQ\/ickM5ycy22E\/s1600\/autobus-escolar2.gif\" alt=\"\" width=\"322\" height=\"219\" \/><\/p>\n<table style=\"border-collapse: collapse; width: 26.8576%; height: 353px;\" border=\"1\">\n<tbody>\n<tr>\n<td style=\"width: 50%;\">Sol\u00b7licitud<\/td>\n<td style=\"width: 50%;\"><a href=\"https:\/\/agora.xtec.cat\/escjoanardevol\/wp-content\/uploads\/usu550\/2019\/01\/AiD_18-19_sol.licitud.pdf\" target=\"_blank\" rel=\"noopener\"><img loading=\"lazy\" decoding=\"async\" class=\"alignleft wp-image-5485 size-thumbnail\" src=\"https:\/\/agora.xtec.cat\/escjoanardevol\/wp-content\/uploads\/usu550\/2018\/10\/pdf_pixabay_1493877090501-150x150.jpg\" alt=\"\" width=\"150\" height=\"150\" \/><\/a><\/td>\n<\/tr>\n<tr>\n<td style=\"width: 50%;\">Bases<\/td>\n<td style=\"width: 50%;\"><a href=\"https:\/\/agora.xtec.cat\/escjoanardevol\/wp-content\/uploads\/usu550\/2019\/01\/BASES-BEQUES-Transport-escola.pdf\" target=\"_blank\" rel=\"noopener\"><img loading=\"lazy\" decoding=\"async\" class=\"alignleft wp-image-5485 size-thumbnail\" src=\"https:\/\/agora.xtec.cat\/escjoanardevol\/wp-content\/uploads\/usu550\/2018\/10\/pdf_pixabay_1493877090501-150x150.jpg\" alt=\"\" width=\"150\" height=\"150\" \/><\/a><\/td>\n<\/tr>\n<\/tbody>\n<\/table>\n","protected":false},"excerpt":{"rendered":"<p>El Consell Comarcal del Baix Camp ha obert el termini per sol\u00b7licitar els Ajuts individuals de despla\u00e7ament per al curs 2018-2019.<br \/>\nEn els enlla\u00e7os podeu trobar les bases on s\u2019indiquen els destinataris, els criteris de prioritzaci\u00f3 i la documentaci\u00f3 necess\u00e0ria.<br \/>\nCal presentar la sol\u00b7licitud i la documentaci\u00f3&hellip;  <a href=\"https:\/\/agora.xtec.cat\/escjoanardevol\/portada\/ajuts-de-desplacaments-a-centres-escolars-deducacio-infantil-primaria-i-secundaria\/\" title=\"Read Ajuts de despla\u00e7aments a centres escolars d\u2019educaci\u00f3 infantil, prim\u00e0ria i secund\u00e0ria\">Llegeix m\u00e9s\u00bb<\/a><\/p>\n","protected":false},"author":1,"featured_media":5723,"comment_status":"closed","ping_status":"closed","sticky":false,"template":"","format":"standard","meta":{"_bbp_topic_count":0,"_bbp_reply_count":0,"_bbp_total_topic_count":0,"_bbp_total_reply_count":0,"_bbp_voice_count":0,"_bbp_anonymous_reply_count":0,"_bbp_topic_count_hidden":0,"_bbp_reply_count_hidden":0,"_bbp_forum_subforum_count":0,"footnotes":""},"categories":[4],"tags":[61],"class_list":["post-5719","post","type-post","status-publish","format-standard","has-post-thumbnail","hentry","category-portada","tag-ajuts"],"post_mailing_queue_ids":[],"_links":{"self":[{"href":"https:\/\/agora.xtec.cat\/escjoanardevol\/wp-json\/wp\/v2\/posts\/5719","targetHints":{"allow":["GET"]}}],"collection":[{"href":"https:\/\/agora.xtec.cat\/escjoanardevol\/wp-json\/wp\/v2\/posts"}],"about":[{"href":"https:\/\/agora.xtec.cat\/escjoanardevol\/wp-json\/wp\/v2\/types\/post"}],"author":[{"embeddable":true,"href":"https:\/\/agora.xtec.cat\/escjoanardevol\/wp-json\/wp\/v2\/users\/1"}],"replies":[{"embeddable":true,"href":"https:\/\/agora.xtec.cat\/escjoanardevol\/wp-json\/wp\/v2\/comments?post=5719"}],"version-history":[{"count":1,"href":"https:\/\/agora.xtec.cat\/escjoanardevol\/wp-json\/wp\/v2\/posts\/5719\/revisions"}],"predecessor-version":[{"id":5722,"href":"https:\/\/agora.xtec.cat\/escjoanardevol\/wp-json\/wp\/v2\/posts\/5719\/revisions\/5722"}],"wp:featuredmedia":[{"embeddable":true,"href":"https:\/\/agora.xtec.cat\/escjoanardevol\/wp-json\/wp\/v2\/media\/5723"}],"wp:attachment":[{"href":"https:\/\/agora.xtec.cat\/escjoanardevol\/wp-json\/wp\/v2\/media?parent=5719"}],"wp:term":[{"taxonomy":"category","embeddable":true,"href":"https:\/\/agora.xtec.cat\/escjoanardevol\/wp-json\/wp\/v2\/categories?post=5719"},{"taxonomy":"post_tag","embeddable":true,"href":"https:\/\/agora.xtec.cat\/escjoanardevol\/wp-json\/wp\/v2\/tags?post=5719"}],"curies":[{"name":"wp","href":"https:\/\/api.w.org\/{rel}","templated":true}]}}