{"id":5691,"date":"2018-12-21T12:13:04","date_gmt":"2018-12-21T11:13:04","guid":{"rendered":"http:\/\/agora.xtec.cat\/escjoanardevol\/?p=5691"},"modified":"2018-12-21T12:13:04","modified_gmt":"2018-12-21T11:13:04","slug":"xiii-concurs-de-pessebres","status":"publish","type":"post","link":"https:\/\/agora.xtec.cat\/escjoanardevol\/portada\/xiii-concurs-de-pessebres\/","title":{"rendered":"XIII Concurs de pessebres"},"content":{"rendered":"<p>Un any m\u00e9s, hem fet el concurs de pessebres.<\/p>\n<p>\u00c9s una activitat que ens agrada molt ja que la confecci\u00f3 dels pessebres ha d&#8217;estar feta en fam\u00edlia. Enguany hem tingut molt\u00edssima participaci\u00f3 i uns pessebres molt bonics.<\/p>\n<p>Cliqueu damunt de la foto per veure&#8217;ls:<\/p>\n<p><a href=\"https:\/\/photos.app.goo.gl\/MaM2o4G9cbm2zACu8\" target=\"_blank\" rel=\"noopener\"><img loading=\"lazy\" decoding=\"async\" class=\"alignleft wp-image-5692 size-medium\" src=\"https:\/\/agora.xtec.cat\/escjoanardevol\/wp-content\/uploads\/usu550\/2018\/12\/Dsc_0014-copia-300x200.jpg\" alt=\"\" width=\"300\" height=\"200\" srcset=\"https:\/\/agora.xtec.cat\/escjoanardevol\/wp-content\/uploads\/usu550\/2018\/12\/Dsc_0014-copia-300x200.jpg 300w, https:\/\/agora.xtec.cat\/escjoanardevol\/wp-content\/uploads\/usu550\/2018\/12\/Dsc_0014-copia-768x512.jpg 768w, https:\/\/agora.xtec.cat\/escjoanardevol\/wp-content\/uploads\/usu550\/2018\/12\/Dsc_0014-copia-1024x683.jpg 1024w\" sizes=\"auto, (max-width: 300px) 100vw, 300px\" \/><\/a><\/p>\n","protected":false},"excerpt":{"rendered":"<p>Un any m\u00e9s, hem fet el concurs de pessebres.<br \/>\n\u00c9s una activitat que ens agrada molt ja que la confecci\u00f3 dels pessebres ha d&#8217;estar feta en fam\u00edlia. Enguany hem tingut molt\u00edssima participaci\u00f3 i uns pessebres molt bonics.<br \/>\nCliqueu damunt de la foto per veure&#8217;ls:<br \/>\n<a href=\"https:\/\/photos.app.goo.gl\/MaM2o4G9cbm2zACu8\" target=\"_blank\" rel=\"noopener\"><\/a><\/p>\n","protected":false},"author":1,"featured_media":5692,"comment_status":"closed","ping_status":"closed","sticky":false,"template":"","format":"standard","meta":{"_bbp_topic_count":0,"_bbp_reply_count":0,"_bbp_total_topic_count":0,"_bbp_total_reply_count":0,"_bbp_voice_count":0,"_bbp_anonymous_reply_count":0,"_bbp_topic_count_hidden":0,"_bbp_reply_count_hidden":0,"_bbp_forum_subforum_count":0,"footnotes":""},"categories":[4],"tags":[59,75,76,77,89,103,146],"class_list":["post-5691","post","type-post","status-publish","format-standard","has-post-thumbnail","hentry","category-portada","tag-activitats","tag-cicle-inicial","tag-cicle-mitja","tag-cicle-superior-2","tag-concursos","tag-educacio-infantil","tag-nadal"],"post_mailing_queue_ids":[],"_links":{"self":[{"href":"https:\/\/agora.xtec.cat\/escjoanardevol\/wp-json\/wp\/v2\/posts\/5691","targetHints":{"allow":["GET"]}}],"collection":[{"href":"https:\/\/agora.xtec.cat\/escjoanardevol\/wp-json\/wp\/v2\/posts"}],"about":[{"href":"https:\/\/agora.xtec.cat\/escjoanardevol\/wp-json\/wp\/v2\/types\/post"}],"author":[{"embeddable":true,"href":"https:\/\/agora.xtec.cat\/escjoanardevol\/wp-json\/wp\/v2\/users\/1"}],"replies":[{"embeddable":true,"href":"https:\/\/agora.xtec.cat\/escjoanardevol\/wp-json\/wp\/v2\/comments?post=5691"}],"version-history":[{"count":1,"href":"https:\/\/agora.xtec.cat\/escjoanardevol\/wp-json\/wp\/v2\/posts\/5691\/revisions"}],"predecessor-version":[{"id":5693,"href":"https:\/\/agora.xtec.cat\/escjoanardevol\/wp-json\/wp\/v2\/posts\/5691\/revisions\/5693"}],"wp:featuredmedia":[{"embeddable":true,"href":"https:\/\/agora.xtec.cat\/escjoanardevol\/wp-json\/wp\/v2\/media\/5692"}],"wp:attachment":[{"href":"https:\/\/agora.xtec.cat\/escjoanardevol\/wp-json\/wp\/v2\/media?parent=5691"}],"wp:term":[{"taxonomy":"category","embeddable":true,"href":"https:\/\/agora.xtec.cat\/escjoanardevol\/wp-json\/wp\/v2\/categories?post=5691"},{"taxonomy":"post_tag","embeddable":true,"href":"https:\/\/agora.xtec.cat\/escjoanardevol\/wp-json\/wp\/v2\/tags?post=5691"}],"curies":[{"name":"wp","href":"https:\/\/api.w.org\/{rel}","templated":true}]}}