{"id":5688,"date":"2018-12-20T10:47:12","date_gmt":"2018-12-20T09:47:12","guid":{"rendered":"http:\/\/agora.xtec.cat\/escjoanardevol\/?p=5688"},"modified":"2018-12-20T10:47:12","modified_gmt":"2018-12-20T09:47:12","slug":"ardegreens","status":"publish","type":"post","link":"https:\/\/agora.xtec.cat\/escjoanardevol\/portada\/ardegreens\/","title":{"rendered":"Ardegreens"},"content":{"rendered":"<p>Ens presentem: Som els Ardegreens la m\u00e0 dreta d\u2019en Verdi i, a partir d\u2019ara, us portarem moltes novetats i sorpreses!<br \/>\nTamb\u00e9 us volem informar que a l\u2019escola ja tenim una cartellera on hi haur\u00e0 informaci\u00f3 d\u2019Escola Verda. A veure si la trobeu!<br \/>\nAbans de marxar de vacances us volem recordar que al gener piles ja podeu portar, a veure quina ser\u00e0 la classe que m\u00e9s en reciclar\u00e0!<br \/>\nI de moment aix\u00f2 \u00e9s tot, us desitgem bones festes i recordeu:<br \/>\n<strong>Els petits canvis s\u00f3n poderosos!<\/strong><\/p>\n<p><img loading=\"lazy\" decoding=\"async\" class=\"alignleft  wp-image-5689\" src=\"https:\/\/agora.xtec.cat\/escjoanardevol\/wp-content\/uploads\/usu550\/2018\/12\/Ardegreens-1024x512.jpg\" alt=\"\" width=\"600\" height=\"300\" srcset=\"https:\/\/agora.xtec.cat\/escjoanardevol\/wp-content\/uploads\/usu550\/2018\/12\/Ardegreens-1024x512.jpg 1024w, https:\/\/agora.xtec.cat\/escjoanardevol\/wp-content\/uploads\/usu550\/2018\/12\/Ardegreens-300x150.jpg 300w, https:\/\/agora.xtec.cat\/escjoanardevol\/wp-content\/uploads\/usu550\/2018\/12\/Ardegreens-768x384.jpg 768w, https:\/\/agora.xtec.cat\/escjoanardevol\/wp-content\/uploads\/usu550\/2018\/12\/Ardegreens.jpg 1600w\" sizes=\"auto, (max-width: 600px) 100vw, 600px\" \/><\/p>\n","protected":false},"excerpt":{"rendered":"<p>Ens presentem: Som els Ardegreens la m\u00e0 dreta d\u2019en Verdi i, a partir d\u2019ara, us portarem moltes novetats i sorpreses!<br \/>\nTamb\u00e9 us volem informar que a l\u2019escola ja tenim una cartellera on hi haur\u00e0 informaci\u00f3 d\u2019Escola Verda. A veure si la trobeu!<br \/>\nAbans de marxar de vacances&hellip;  <a href=\"https:\/\/agora.xtec.cat\/escjoanardevol\/portada\/ardegreens\/\" title=\"Read Ardegreens\">Llegeix m\u00e9s\u00bb<\/a><\/p>\n","protected":false},"author":1,"featured_media":5689,"comment_status":"closed","ping_status":"closed","sticky":false,"template":"","format":"standard","meta":{"_bbp_topic_count":0,"_bbp_reply_count":0,"_bbp_total_topic_count":0,"_bbp_total_reply_count":0,"_bbp_voice_count":0,"_bbp_anonymous_reply_count":0,"_bbp_topic_count_hidden":0,"_bbp_reply_count_hidden":0,"_bbp_forum_subforum_count":0,"footnotes":""},"categories":[206,4],"tags":[59,77,108,182],"class_list":["post-5688","post","type-post","status-publish","format-standard","has-post-thumbnail","hentry","category-verda","category-portada","tag-activitats","tag-cicle-superior-2","tag-escola-verda","tag-treball"],"post_mailing_queue_ids":[],"_links":{"self":[{"href":"https:\/\/agora.xtec.cat\/escjoanardevol\/wp-json\/wp\/v2\/posts\/5688","targetHints":{"allow":["GET"]}}],"collection":[{"href":"https:\/\/agora.xtec.cat\/escjoanardevol\/wp-json\/wp\/v2\/posts"}],"about":[{"href":"https:\/\/agora.xtec.cat\/escjoanardevol\/wp-json\/wp\/v2\/types\/post"}],"author":[{"embeddable":true,"href":"https:\/\/agora.xtec.cat\/escjoanardevol\/wp-json\/wp\/v2\/users\/1"}],"replies":[{"embeddable":true,"href":"https:\/\/agora.xtec.cat\/escjoanardevol\/wp-json\/wp\/v2\/comments?post=5688"}],"version-history":[{"count":1,"href":"https:\/\/agora.xtec.cat\/escjoanardevol\/wp-json\/wp\/v2\/posts\/5688\/revisions"}],"predecessor-version":[{"id":5690,"href":"https:\/\/agora.xtec.cat\/escjoanardevol\/wp-json\/wp\/v2\/posts\/5688\/revisions\/5690"}],"wp:featuredmedia":[{"embeddable":true,"href":"https:\/\/agora.xtec.cat\/escjoanardevol\/wp-json\/wp\/v2\/media\/5689"}],"wp:attachment":[{"href":"https:\/\/agora.xtec.cat\/escjoanardevol\/wp-json\/wp\/v2\/media?parent=5688"}],"wp:term":[{"taxonomy":"category","embeddable":true,"href":"https:\/\/agora.xtec.cat\/escjoanardevol\/wp-json\/wp\/v2\/categories?post=5688"},{"taxonomy":"post_tag","embeddable":true,"href":"https:\/\/agora.xtec.cat\/escjoanardevol\/wp-json\/wp\/v2\/tags?post=5688"}],"curies":[{"name":"wp","href":"https:\/\/api.w.org\/{rel}","templated":true}]}}