{"id":5663,"date":"2018-12-17T15:53:12","date_gmt":"2018-12-17T14:53:12","guid":{"rendered":"http:\/\/agora.xtec.cat\/escjoanardevol\/?p=5663"},"modified":"2018-12-17T15:53:12","modified_gmt":"2018-12-17T14:53:12","slug":"fira-de-la-prehistoria","status":"publish","type":"post","link":"https:\/\/agora.xtec.cat\/escjoanardevol\/portada\/fira-de-la-prehistoria\/","title":{"rendered":"Fira de la prehist\u00f2ria"},"content":{"rendered":"<p>El divendres, 14 de desembre per la tarda, els alumnes de 5\u00e8 van organitzar una Fira de la Prehist\u00f2ria.<\/p>\n<p>Aquesta fira \u00e9s el colof\u00f3 del projecte de medi que els alumnes de 5\u00e8 han dut a terme al llarg del trimestre. Constava de diversos tallers:<br \/>\n1.Presentaci\u00f3.<br \/>\n2.Trivial (Kahoot).<br \/>\n3.Pintures rupestres.<br \/>\n4.Dramatitzaci\u00f3.<br \/>\n5.Cer\u00e0mica.<br \/>\n6.Timeline.<br \/>\n7.Armes i Eines.<br \/>\n8.Jaciments arqueol\u00f2gics. Vam comptar amb l&#8217;ajut de l&#8217;Anton, el pare del D\u00eddac, que \u00e9s especialista en arqueologia.<\/p>\n<p><a href=\"https:\/\/photos.app.goo.gl\/CHLrBjEYg6PJnfLU6\" target=\"_blank\" rel=\"noopener\"><img loading=\"lazy\" decoding=\"async\" class=\"alignnone wp-image-5664 size-medium\" src=\"https:\/\/agora.xtec.cat\/escjoanardevol\/wp-content\/uploads\/usu550\/2018\/12\/IMG_20181214_153002-c\u00f2pia-300x225.jpg\" alt=\"\" width=\"300\" height=\"225\" srcset=\"https:\/\/agora.xtec.cat\/escjoanardevol\/wp-content\/uploads\/usu550\/2018\/12\/IMG_20181214_153002-c\u00f2pia-300x225.jpg 300w, https:\/\/agora.xtec.cat\/escjoanardevol\/wp-content\/uploads\/usu550\/2018\/12\/IMG_20181214_153002-c\u00f2pia-768x576.jpg 768w, https:\/\/agora.xtec.cat\/escjoanardevol\/wp-content\/uploads\/usu550\/2018\/12\/IMG_20181214_153002-c\u00f2pia-1024x768.jpg 1024w, https:\/\/agora.xtec.cat\/escjoanardevol\/wp-content\/uploads\/usu550\/2018\/12\/IMG_20181214_153002-c\u00f2pia-200x150.jpg 200w, https:\/\/agora.xtec.cat\/escjoanardevol\/wp-content\/uploads\/usu550\/2018\/12\/IMG_20181214_153002-c\u00f2pia.jpg 1824w\" sizes=\"auto, (max-width: 300px) 100vw, 300px\" \/><\/a><\/p>\n<p>Feu clic damunt la foto per veure l&#8217;\u00e0lbum sencer.<\/p>\n","protected":false},"excerpt":{"rendered":"<p>El divendres, 14 de desembre per la tarda, els alumnes de 5\u00e8 van organitzar una Fira de la Prehist\u00f2ria.<br \/>\nAquesta fira \u00e9s el colof\u00f3 del projecte de medi que els alumnes de 5\u00e8 han dut a terme al llarg del trimestre. Constava de diversos tallers:<br \/>\n1.Presentaci\u00f3.<br \/>\n2.Trivial (Kahoot).<br \/>\n3.Pintures&hellip;  <a href=\"https:\/\/agora.xtec.cat\/escjoanardevol\/portada\/fira-de-la-prehistoria\/\" title=\"Read Fira de la prehist\u00f2ria\">Llegeix m\u00e9s\u00bb<\/a><\/p>\n","protected":false},"author":1,"featured_media":5664,"comment_status":"closed","ping_status":"closed","sticky":false,"template":"","format":"standard","meta":{"_bbp_topic_count":0,"_bbp_reply_count":0,"_bbp_total_topic_count":0,"_bbp_total_reply_count":0,"_bbp_voice_count":0,"_bbp_anonymous_reply_count":0,"_bbp_topic_count_hidden":0,"_bbp_reply_count_hidden":0,"_bbp_forum_subforum_count":0,"footnotes":""},"categories":[14,4],"tags":[59,77,82,140,182,230],"class_list":["post-5663","post","type-post","status-publish","format-standard","has-post-thumbnail","hentry","category-5e","category-portada","tag-activitats","tag-cicle-superior-2","tag-cinque","tag-medi","tag-treball","tag-treball-per-projectes"],"post_mailing_queue_ids":[],"_links":{"self":[{"href":"https:\/\/agora.xtec.cat\/escjoanardevol\/wp-json\/wp\/v2\/posts\/5663","targetHints":{"allow":["GET"]}}],"collection":[{"href":"https:\/\/agora.xtec.cat\/escjoanardevol\/wp-json\/wp\/v2\/posts"}],"about":[{"href":"https:\/\/agora.xtec.cat\/escjoanardevol\/wp-json\/wp\/v2\/types\/post"}],"author":[{"embeddable":true,"href":"https:\/\/agora.xtec.cat\/escjoanardevol\/wp-json\/wp\/v2\/users\/1"}],"replies":[{"embeddable":true,"href":"https:\/\/agora.xtec.cat\/escjoanardevol\/wp-json\/wp\/v2\/comments?post=5663"}],"version-history":[{"count":3,"href":"https:\/\/agora.xtec.cat\/escjoanardevol\/wp-json\/wp\/v2\/posts\/5663\/revisions"}],"predecessor-version":[{"id":5667,"href":"https:\/\/agora.xtec.cat\/escjoanardevol\/wp-json\/wp\/v2\/posts\/5663\/revisions\/5667"}],"wp:featuredmedia":[{"embeddable":true,"href":"https:\/\/agora.xtec.cat\/escjoanardevol\/wp-json\/wp\/v2\/media\/5664"}],"wp:attachment":[{"href":"https:\/\/agora.xtec.cat\/escjoanardevol\/wp-json\/wp\/v2\/media?parent=5663"}],"wp:term":[{"taxonomy":"category","embeddable":true,"href":"https:\/\/agora.xtec.cat\/escjoanardevol\/wp-json\/wp\/v2\/categories?post=5663"},{"taxonomy":"post_tag","embeddable":true,"href":"https:\/\/agora.xtec.cat\/escjoanardevol\/wp-json\/wp\/v2\/tags?post=5663"}],"curies":[{"name":"wp","href":"https:\/\/api.w.org\/{rel}","templated":true}]}}