{"id":5642,"date":"2018-12-03T08:48:44","date_gmt":"2018-12-03T07:48:44","guid":{"rendered":"http:\/\/agora.xtec.cat\/escjoanardevol\/?p=5642"},"modified":"2018-12-03T08:48:44","modified_gmt":"2018-12-03T07:48:44","slug":"grups-interactius-a-p4-amb-la-silvia","status":"publish","type":"post","link":"https:\/\/agora.xtec.cat\/escjoanardevol\/portada\/grups-interactius-a-p4-amb-la-silvia\/","title":{"rendered":"Grups interactius a P4 amb la S\u00edlvia"},"content":{"rendered":"<p>Com que estem treballant a la classe la tardor la S\u00edlvia, la mestra en pr\u00e0ctiques, ens ha explicat un conte sobre un esquirol que menjava un munt de fruits secs i ens ha preparat un material molt divertit per a les activitats dels grups interactius. Hem jugat a d\u00f2mino,al memory, a l&#8217;oca, hem fet seq\u00fc\u00e8ncies i hem jugat amb la PDI, tot amb material relacionat amb el conte. Ha estat genial i li donem les gr\u00e0cies a la S\u00edlvia per la seva feina i a les fam\u00edlies que ens han acompanyat.<\/p>\n<p><a href=\"https:\/\/photos.app.goo.gl\/hbV7PjNSKwKWxL3s6\" target=\"_blank\" rel=\"noopener\"><img loading=\"lazy\" decoding=\"async\" class=\"alignleft wp-image-5644 size-medium\" src=\"https:\/\/agora.xtec.cat\/escjoanardevol\/wp-content\/uploads\/usu550\/2018\/11\/IMG_5799-c\u00f2pia-300x225.jpg\" alt=\"\" width=\"300\" height=\"225\" srcset=\"https:\/\/agora.xtec.cat\/escjoanardevol\/wp-content\/uploads\/usu550\/2018\/11\/IMG_5799-c\u00f2pia-300x225.jpg 300w, https:\/\/agora.xtec.cat\/escjoanardevol\/wp-content\/uploads\/usu550\/2018\/11\/IMG_5799-c\u00f2pia-768x576.jpg 768w, https:\/\/agora.xtec.cat\/escjoanardevol\/wp-content\/uploads\/usu550\/2018\/11\/IMG_5799-c\u00f2pia-1024x768.jpg 1024w, https:\/\/agora.xtec.cat\/escjoanardevol\/wp-content\/uploads\/usu550\/2018\/11\/IMG_5799-c\u00f2pia-200x150.jpg 200w\" sizes=\"auto, (max-width: 300px) 100vw, 300px\" \/><\/a><\/p>\n","protected":false},"excerpt":{"rendered":"<p>Com que estem treballant a la classe la tardor la S\u00edlvia, la mestra en pr\u00e0ctiques, ens ha explicat un conte sobre un esquirol que menjava un munt de fruits secs i ens ha preparat un material molt divertit per a les activitats dels grups interactius.&hellip;  <a href=\"https:\/\/agora.xtec.cat\/escjoanardevol\/portada\/grups-interactius-a-p4-amb-la-silvia\/\" title=\"Read Grups interactius a P4 amb la S\u00edlvia\">Llegeix m\u00e9s\u00bb<\/a><\/p>\n","protected":false},"author":1,"featured_media":5644,"comment_status":"closed","ping_status":"closed","sticky":false,"template":"","format":"standard","meta":{"_bbp_topic_count":0,"_bbp_reply_count":0,"_bbp_total_topic_count":0,"_bbp_total_reply_count":0,"_bbp_voice_count":0,"_bbp_anonymous_reply_count":0,"_bbp_topic_count_hidden":0,"_bbp_reply_count_hidden":0,"_bbp_forum_subforum_count":0,"footnotes":""},"categories":[8,4],"tags":[59,93,103,229],"class_list":["post-5642","post","type-post","status-publish","format-standard","has-post-thumbnail","hentry","category-p4","category-portada","tag-activitats","tag-convivencia","tag-educacio-infantil","tag-interactius"],"post_mailing_queue_ids":[],"_links":{"self":[{"href":"https:\/\/agora.xtec.cat\/escjoanardevol\/wp-json\/wp\/v2\/posts\/5642","targetHints":{"allow":["GET"]}}],"collection":[{"href":"https:\/\/agora.xtec.cat\/escjoanardevol\/wp-json\/wp\/v2\/posts"}],"about":[{"href":"https:\/\/agora.xtec.cat\/escjoanardevol\/wp-json\/wp\/v2\/types\/post"}],"author":[{"embeddable":true,"href":"https:\/\/agora.xtec.cat\/escjoanardevol\/wp-json\/wp\/v2\/users\/1"}],"replies":[{"embeddable":true,"href":"https:\/\/agora.xtec.cat\/escjoanardevol\/wp-json\/wp\/v2\/comments?post=5642"}],"version-history":[{"count":2,"href":"https:\/\/agora.xtec.cat\/escjoanardevol\/wp-json\/wp\/v2\/posts\/5642\/revisions"}],"predecessor-version":[{"id":5645,"href":"https:\/\/agora.xtec.cat\/escjoanardevol\/wp-json\/wp\/v2\/posts\/5642\/revisions\/5645"}],"wp:featuredmedia":[{"embeddable":true,"href":"https:\/\/agora.xtec.cat\/escjoanardevol\/wp-json\/wp\/v2\/media\/5644"}],"wp:attachment":[{"href":"https:\/\/agora.xtec.cat\/escjoanardevol\/wp-json\/wp\/v2\/media?parent=5642"}],"wp:term":[{"taxonomy":"category","embeddable":true,"href":"https:\/\/agora.xtec.cat\/escjoanardevol\/wp-json\/wp\/v2\/categories?post=5642"},{"taxonomy":"post_tag","embeddable":true,"href":"https:\/\/agora.xtec.cat\/escjoanardevol\/wp-json\/wp\/v2\/tags?post=5642"}],"curies":[{"name":"wp","href":"https:\/\/api.w.org\/{rel}","templated":true}]}}