{"id":5622,"date":"2018-11-23T12:40:57","date_gmt":"2018-11-23T11:40:57","guid":{"rendered":"http:\/\/agora.xtec.cat\/escjoanardevol\/?p=5622"},"modified":"2018-11-22T17:59:35","modified_gmt":"2018-11-22T16:59:35","slug":"sortides-de-p5","status":"publish","type":"post","link":"https:\/\/agora.xtec.cat\/escjoanardevol\/infantil\/sortides-de-p5\/","title":{"rendered":"Sortides de P5"},"content":{"rendered":"<p>Aquest mes de novembre els nens i les nenes de P5 hem fet dues sortides molt interessants.<br \/>\nEn la primera, vam anar a visitar la comissaria dels Mossos d&#8217; Esquadra de Cambrils. All\u00ed ens esperava una mossa que ens va ensenyar totes les instal\u00b7lacions i ens va parlar de moltes coses.<br \/>\nEn la segona sortida vam anar al Parc de Bombers, on uns bombers molt amables ens van explicar en qu\u00e8 consistia la seva feina. Vam veure el material que utilitzen quan desenvolupen la seva tasca, l&#8217;uniforme que porten, per\u00f2 per a nosaltres el m\u00e9s divertit va ser el tomb que vam fer amb el seu cami\u00f3.<\/p>\n<p><a href=\"https:\/\/photos.app.goo.gl\/uEnDf7HPEAmEHLVG9\" target=\"_blank\" rel=\"noopener\"><img loading=\"lazy\" decoding=\"async\" class=\"alignleft wp-image-5623 size-medium\" src=\"https:\/\/agora.xtec.cat\/escjoanardevol\/wp-content\/uploads\/usu550\/2018\/11\/Img_5585-copia-300x225.jpg\" alt=\"\" width=\"300\" height=\"225\" srcset=\"https:\/\/agora.xtec.cat\/escjoanardevol\/wp-content\/uploads\/usu550\/2018\/11\/Img_5585-copia-300x225.jpg 300w, https:\/\/agora.xtec.cat\/escjoanardevol\/wp-content\/uploads\/usu550\/2018\/11\/Img_5585-copia-768x576.jpg 768w, https:\/\/agora.xtec.cat\/escjoanardevol\/wp-content\/uploads\/usu550\/2018\/11\/Img_5585-copia-1024x768.jpg 1024w, https:\/\/agora.xtec.cat\/escjoanardevol\/wp-content\/uploads\/usu550\/2018\/11\/Img_5585-copia-200x150.jpg 200w\" sizes=\"auto, (max-width: 300px) 100vw, 300px\" \/><\/a><\/p>\n","protected":false},"excerpt":{"rendered":"<p>Aquest mes de novembre els nens i les nenes de P5 hem fet dues sortides molt interessants.<br \/>\nEn la primera, vam anar a visitar la comissaria dels Mossos d&#8217; Esquadra de Cambrils. All\u00ed ens esperava una mossa que ens va ensenyar totes les instal\u00b7lacions i ens&hellip;  <a href=\"https:\/\/agora.xtec.cat\/escjoanardevol\/infantil\/sortides-de-p5\/\" title=\"Read Sortides de P5\">Llegeix m\u00e9s\u00bb<\/a><\/p>\n","protected":false},"author":1,"featured_media":5623,"comment_status":"closed","ping_status":"closed","sticky":false,"template":"","format":"standard","meta":{"_bbp_topic_count":0,"_bbp_reply_count":0,"_bbp_total_topic_count":0,"_bbp_total_reply_count":0,"_bbp_voice_count":0,"_bbp_anonymous_reply_count":0,"_bbp_topic_count_hidden":0,"_bbp_reply_count_hidden":0,"_bbp_forum_subforum_count":0,"footnotes":""},"categories":[2,9,4],"tags":[103,116,16],"class_list":["post-5622","post","type-post","status-publish","format-standard","has-post-thumbnail","hentry","category-infantil","category-p5","category-portada","tag-educacio-infantil","tag-fotos","tag-sortides"],"post_mailing_queue_ids":[],"_links":{"self":[{"href":"https:\/\/agora.xtec.cat\/escjoanardevol\/wp-json\/wp\/v2\/posts\/5622","targetHints":{"allow":["GET"]}}],"collection":[{"href":"https:\/\/agora.xtec.cat\/escjoanardevol\/wp-json\/wp\/v2\/posts"}],"about":[{"href":"https:\/\/agora.xtec.cat\/escjoanardevol\/wp-json\/wp\/v2\/types\/post"}],"author":[{"embeddable":true,"href":"https:\/\/agora.xtec.cat\/escjoanardevol\/wp-json\/wp\/v2\/users\/1"}],"replies":[{"embeddable":true,"href":"https:\/\/agora.xtec.cat\/escjoanardevol\/wp-json\/wp\/v2\/comments?post=5622"}],"version-history":[{"count":1,"href":"https:\/\/agora.xtec.cat\/escjoanardevol\/wp-json\/wp\/v2\/posts\/5622\/revisions"}],"predecessor-version":[{"id":5624,"href":"https:\/\/agora.xtec.cat\/escjoanardevol\/wp-json\/wp\/v2\/posts\/5622\/revisions\/5624"}],"wp:featuredmedia":[{"embeddable":true,"href":"https:\/\/agora.xtec.cat\/escjoanardevol\/wp-json\/wp\/v2\/media\/5623"}],"wp:attachment":[{"href":"https:\/\/agora.xtec.cat\/escjoanardevol\/wp-json\/wp\/v2\/media?parent=5622"}],"wp:term":[{"taxonomy":"category","embeddable":true,"href":"https:\/\/agora.xtec.cat\/escjoanardevol\/wp-json\/wp\/v2\/categories?post=5622"},{"taxonomy":"post_tag","embeddable":true,"href":"https:\/\/agora.xtec.cat\/escjoanardevol\/wp-json\/wp\/v2\/tags?post=5622"}],"curies":[{"name":"wp","href":"https:\/\/api.w.org\/{rel}","templated":true}]}}