{"id":5610,"date":"2018-11-20T12:15:10","date_gmt":"2018-11-20T11:15:10","guid":{"rendered":"http:\/\/agora.xtec.cat\/escjoanardevol\/?p=5610"},"modified":"2018-11-20T18:53:11","modified_gmt":"2018-11-20T17:53:11","slug":"les-remendadores-sortida-de-cicle-inicial","status":"publish","type":"post","link":"https:\/\/agora.xtec.cat\/escjoanardevol\/general\/les-remendadores-sortida-de-cicle-inicial\/","title":{"rendered":"Les remendadores. Sortida de cicle inicial."},"content":{"rendered":"<p>El dimarts 13 de novembre, l&#8217;alumnat de cicle inicial i mestres, vam fer una sortida de mat\u00ed i tarda.<\/p>\n<p>Vam aprofitar l&#8217;espl\u00e8ndid dia per fer una bona caminada des de l&#8217;escola fins al port de Cambrils. All\u00e0 ens va rebre en Gerard, el responsable del Museu de Cambrils. A la torre del Port ens va fer una breu explicaci\u00f3 del nostre entorn per tal de situar-nos a l&#8217;\u00e8poca.<\/p>\n<p>L&#8217;exposici\u00f3 de les fotografies <strong>Remendadores<\/strong> referents a l&#8217;ofici de remendar, es basa en el fet que la dona principalment s&#8217;encarregava d&#8217;arreglar les xarxes dels seus homes, els pescadors. Era una feina que passava de mares a filles i que, amb el temps, ha anat desapareixent per la pressi\u00f3 del turisme. Heu de pensar que era una feina dura i tot un exemple de desigualtat.<\/p>\n<p>Podeu llegir m\u00e9s al <a href=\"http:\/\/www.cambrils.cat\/museu\/agenda\/exposicio-remendadores\">web de l&#8217;ajuntament<\/a>.<\/p>\n<p>Vam continuar el mat\u00ed dibuixant diferents entorns del port. Ja a l&#8217;hora de dinar vam gaudir del parc del Pescador i no del parc del Pescador i la Remendadora.<\/p>\n<p>Seguidament vam tornar a l&#8217;escola a un ritme pausat, per\u00f2 sense oblidar-nos d&#8217;aquests fant\u00e0stics\u00a0moments viscuts al port de Cambrils.<a href=\"https:\/\/agora.xtec.cat\/escjoanardevol\/wp-content\/uploads\/usu550\/2018\/11\/0fe19a46-78f9-40ed-beee-e695ffc46258.jpg\"><img loading=\"lazy\" decoding=\"async\" class=\"alignnone size-full wp-image-5611\" src=\"https:\/\/agora.xtec.cat\/escjoanardevol\/wp-content\/uploads\/usu550\/2018\/11\/0fe19a46-78f9-40ed-beee-e695ffc46258.jpg\" alt=\"\" width=\"800\" height=\"450\" srcset=\"https:\/\/agora.xtec.cat\/escjoanardevol\/wp-content\/uploads\/usu550\/2018\/11\/0fe19a46-78f9-40ed-beee-e695ffc46258.jpg 800w, https:\/\/agora.xtec.cat\/escjoanardevol\/wp-content\/uploads\/usu550\/2018\/11\/0fe19a46-78f9-40ed-beee-e695ffc46258-300x169.jpg 300w, https:\/\/agora.xtec.cat\/escjoanardevol\/wp-content\/uploads\/usu550\/2018\/11\/0fe19a46-78f9-40ed-beee-e695ffc46258-768x432.jpg 768w\" sizes=\"auto, (max-width: 800px) 100vw, 800px\" \/><\/a><\/p>\n","protected":false},"excerpt":{"rendered":"<p>El dimarts 13 de novembre, l&#8217;alumnat de cicle inicial i mestres, vam fer una sortida de mat\u00ed i tarda.<br \/>\nVam aprofitar l&#8217;espl\u00e8ndid dia per fer una bona caminada des de l&#8217;escola fins al port de Cambrils. All\u00e0 ens va rebre en Gerard, el responsable del Museu&hellip;  <a href=\"https:\/\/agora.xtec.cat\/escjoanardevol\/general\/les-remendadores-sortida-de-cicle-inicial\/\" title=\"Read Les remendadores. Sortida de cicle inicial.\">Llegeix m\u00e9s\u00bb<\/a><\/p>\n","protected":false},"author":5,"featured_media":5611,"comment_status":"closed","ping_status":"closed","sticky":false,"template":"","format":"standard","meta":{"_bbp_topic_count":0,"_bbp_reply_count":0,"_bbp_total_topic_count":0,"_bbp_total_reply_count":0,"_bbp_voice_count":0,"_bbp_anonymous_reply_count":0,"_bbp_topic_count_hidden":0,"_bbp_reply_count_hidden":0,"_bbp_forum_subforum_count":0,"footnotes":""},"categories":[1,4],"tags":[],"class_list":["post-5610","post","type-post","status-publish","format-standard","has-post-thumbnail","hentry","category-general","category-portada"],"post_mailing_queue_ids":[],"_links":{"self":[{"href":"https:\/\/agora.xtec.cat\/escjoanardevol\/wp-json\/wp\/v2\/posts\/5610","targetHints":{"allow":["GET"]}}],"collection":[{"href":"https:\/\/agora.xtec.cat\/escjoanardevol\/wp-json\/wp\/v2\/posts"}],"about":[{"href":"https:\/\/agora.xtec.cat\/escjoanardevol\/wp-json\/wp\/v2\/types\/post"}],"author":[{"embeddable":true,"href":"https:\/\/agora.xtec.cat\/escjoanardevol\/wp-json\/wp\/v2\/users\/5"}],"replies":[{"embeddable":true,"href":"https:\/\/agora.xtec.cat\/escjoanardevol\/wp-json\/wp\/v2\/comments?post=5610"}],"version-history":[{"count":3,"href":"https:\/\/agora.xtec.cat\/escjoanardevol\/wp-json\/wp\/v2\/posts\/5610\/revisions"}],"predecessor-version":[{"id":5621,"href":"https:\/\/agora.xtec.cat\/escjoanardevol\/wp-json\/wp\/v2\/posts\/5610\/revisions\/5621"}],"wp:featuredmedia":[{"embeddable":true,"href":"https:\/\/agora.xtec.cat\/escjoanardevol\/wp-json\/wp\/v2\/media\/5611"}],"wp:attachment":[{"href":"https:\/\/agora.xtec.cat\/escjoanardevol\/wp-json\/wp\/v2\/media?parent=5610"}],"wp:term":[{"taxonomy":"category","embeddable":true,"href":"https:\/\/agora.xtec.cat\/escjoanardevol\/wp-json\/wp\/v2\/categories?post=5610"},{"taxonomy":"post_tag","embeddable":true,"href":"https:\/\/agora.xtec.cat\/escjoanardevol\/wp-json\/wp\/v2\/tags?post=5610"}],"curies":[{"name":"wp","href":"https:\/\/api.w.org\/{rel}","templated":true}]}}