{"id":5571,"date":"2018-11-14T07:00:39","date_gmt":"2018-11-14T06:00:39","guid":{"rendered":"http:\/\/agora.xtec.cat\/escjoanardevol\/?p=5571"},"modified":"2018-11-13T22:21:52","modified_gmt":"2018-11-13T21:21:52","slug":"colonies-p5-4","status":"publish","type":"post","link":"https:\/\/agora.xtec.cat\/escjoanardevol\/general\/colonies-p5-4\/","title":{"rendered":"Col\u00f2nies de P5"},"content":{"rendered":"<p>Els dies 8 i 9 de novembre els nens i les nenes de P5 vam anar de col\u00f2nies a la casa La Marinada de Cambrils. Van ser dos dies i una nit plens d&#8217;emocions i d&#8217;activitats. Vam anar en vaixell, vam fer un eri\u00e7\u00f3 de fang, vam anar a la platja a fer de pirates, vam ajudar l&#8217;avi Miquel, i sobretot vam jugar molt i ens ho vam passar d&#8217;all\u00f2 m\u00e9s b\u00e9. Tamb\u00e9 vam dormir amb els companys i companyes, amb les senyoretes i el Llu\u00eds!!<br \/>\nVa ser una experi\u00e8ncia molt bonica.<\/p>\n<p><a href=\"https:\/\/photos.app.goo.gl\/oSNDZ5ttZBSHwZUp8\" target=\"_blank\" rel=\"noopener\"><img loading=\"lazy\" decoding=\"async\" class=\"wp-image-5572 size-medium alignnone\" src=\"https:\/\/agora.xtec.cat\/escjoanardevol\/wp-content\/uploads\/usu550\/2018\/11\/IMG_5422-300x225.jpg\" alt=\"\" width=\"300\" height=\"225\" srcset=\"https:\/\/agora.xtec.cat\/escjoanardevol\/wp-content\/uploads\/usu550\/2018\/11\/IMG_5422-300x225.jpg 300w, https:\/\/agora.xtec.cat\/escjoanardevol\/wp-content\/uploads\/usu550\/2018\/11\/IMG_5422-768x576.jpg 768w, https:\/\/agora.xtec.cat\/escjoanardevol\/wp-content\/uploads\/usu550\/2018\/11\/IMG_5422-1024x768.jpg 1024w, https:\/\/agora.xtec.cat\/escjoanardevol\/wp-content\/uploads\/usu550\/2018\/11\/IMG_5422-200x150.jpg 200w, https:\/\/agora.xtec.cat\/escjoanardevol\/wp-content\/uploads\/usu550\/2018\/11\/IMG_5422.jpg 1222w\" sizes=\"auto, (max-width: 300px) 100vw, 300px\" \/><\/a><\/p>\n<p><a href=\"https:\/\/photos.app.goo.gl\/oSNDZ5ttZBSHwZUp8\" target=\"_blank\" rel=\"noopener\">Clica damunt la foto per veure tot l&#8217;\u00e0lbum.<\/a><\/p>\n","protected":false},"excerpt":{"rendered":"<p>Els dies 8 i 9 de novembre els nens i les nenes de P5 vam anar de col\u00f2nies a la casa La Marinada de Cambrils. Van ser dos dies i una nit plens d&#8217;emocions i d&#8217;activitats. Vam anar en vaixell, vam fer un eri\u00e7\u00f3 de&hellip;  <a href=\"https:\/\/agora.xtec.cat\/escjoanardevol\/general\/colonies-p5-4\/\" title=\"Read Col\u00f2nies de P5\">Llegeix m\u00e9s\u00bb<\/a><\/p>\n","protected":false},"author":1,"featured_media":5572,"comment_status":"closed","ping_status":"closed","sticky":false,"template":"","format":"standard","meta":{"_bbp_topic_count":0,"_bbp_reply_count":0,"_bbp_total_topic_count":0,"_bbp_total_reply_count":0,"_bbp_voice_count":0,"_bbp_anonymous_reply_count":0,"_bbp_topic_count_hidden":0,"_bbp_reply_count_hidden":0,"_bbp_forum_subforum_count":0,"footnotes":""},"categories":[1,2,9,4],"tags":[59,69,86,93,103,16],"class_list":["post-5571","post","type-post","status-publish","format-standard","has-post-thumbnail","hentry","category-general","category-infantil","category-p5","category-portada","tag-activitats","tag-cambrils","tag-colonies","tag-convivencia","tag-educacio-infantil","tag-sortides"],"post_mailing_queue_ids":[],"_links":{"self":[{"href":"https:\/\/agora.xtec.cat\/escjoanardevol\/wp-json\/wp\/v2\/posts\/5571","targetHints":{"allow":["GET"]}}],"collection":[{"href":"https:\/\/agora.xtec.cat\/escjoanardevol\/wp-json\/wp\/v2\/posts"}],"about":[{"href":"https:\/\/agora.xtec.cat\/escjoanardevol\/wp-json\/wp\/v2\/types\/post"}],"author":[{"embeddable":true,"href":"https:\/\/agora.xtec.cat\/escjoanardevol\/wp-json\/wp\/v2\/users\/1"}],"replies":[{"embeddable":true,"href":"https:\/\/agora.xtec.cat\/escjoanardevol\/wp-json\/wp\/v2\/comments?post=5571"}],"version-history":[{"count":2,"href":"https:\/\/agora.xtec.cat\/escjoanardevol\/wp-json\/wp\/v2\/posts\/5571\/revisions"}],"predecessor-version":[{"id":5574,"href":"https:\/\/agora.xtec.cat\/escjoanardevol\/wp-json\/wp\/v2\/posts\/5571\/revisions\/5574"}],"wp:featuredmedia":[{"embeddable":true,"href":"https:\/\/agora.xtec.cat\/escjoanardevol\/wp-json\/wp\/v2\/media\/5572"}],"wp:attachment":[{"href":"https:\/\/agora.xtec.cat\/escjoanardevol\/wp-json\/wp\/v2\/media?parent=5571"}],"wp:term":[{"taxonomy":"category","embeddable":true,"href":"https:\/\/agora.xtec.cat\/escjoanardevol\/wp-json\/wp\/v2\/categories?post=5571"},{"taxonomy":"post_tag","embeddable":true,"href":"https:\/\/agora.xtec.cat\/escjoanardevol\/wp-json\/wp\/v2\/tags?post=5571"}],"curies":[{"name":"wp","href":"https:\/\/api.w.org\/{rel}","templated":true}]}}