{"id":5568,"date":"2018-11-13T10:04:55","date_gmt":"2018-11-13T09:04:55","guid":{"rendered":"http:\/\/agora.xtec.cat\/escjoanardevol\/?p=5568"},"modified":"2018-11-13T22:48:28","modified_gmt":"2018-11-13T21:48:28","slug":"instruments-de-vent-a-lescola","status":"publish","type":"post","link":"https:\/\/agora.xtec.cat\/escjoanardevol\/general\/instruments-de-vent-a-lescola\/","title":{"rendered":"Instruments de vent a l&#8217;escola"},"content":{"rendered":"<p>Aquesta setmana hem gaudit de la presentaci\u00f3 de tres instruments de la fam\u00edlia del <strong>vent-fusta<\/strong>. Hem pogut sentir el saxo tenor i el saxo alt, a m\u00e9s del clarinet. Tots tres instruments necessiten una canya per poder sonar, doncs \u00e9s l&#8217;element que els aporta la vibraci\u00f3 necess\u00e0ria.<br \/>\nLa presentaci\u00f3 ha anat a c\u00e0rrec de la S\u00edlvia, que actualment fa les seves pr\u00e0ctiques de grau de mestra, al nostre centre.<br \/>\nHa estat una setmana molt enriquidora per tots els nens i nenes, doncs han conegut com eren aquests instruments, hem jugat a endevinar les audicions que sentien o fins i tot a cantar-les quan podien. I la sorpresa final d&#8217;un duet per piano i clarinet.<br \/>\nA continuaci\u00f3 podreu veure el recull de les fotos que hem fet.<\/p>\n<p><a href=\"https:\/\/photos.app.goo.gl\/awF74g8sU1XwG6Cp8\" target=\"_blank\" rel=\"noopener\"><img loading=\"lazy\" decoding=\"async\" class=\"alignnone wp-image-5569 size-medium\" src=\"https:\/\/agora.xtec.cat\/escjoanardevol\/wp-content\/uploads\/usu550\/2018\/11\/DSC_0104-c\u00f2pia-300x200.jpg\" alt=\"\" width=\"300\" height=\"200\" srcset=\"https:\/\/agora.xtec.cat\/escjoanardevol\/wp-content\/uploads\/usu550\/2018\/11\/DSC_0104-c\u00f2pia-300x200.jpg 300w, https:\/\/agora.xtec.cat\/escjoanardevol\/wp-content\/uploads\/usu550\/2018\/11\/DSC_0104-c\u00f2pia-768x512.jpg 768w, https:\/\/agora.xtec.cat\/escjoanardevol\/wp-content\/uploads\/usu550\/2018\/11\/DSC_0104-c\u00f2pia-1024x683.jpg 1024w, https:\/\/agora.xtec.cat\/escjoanardevol\/wp-content\/uploads\/usu550\/2018\/11\/DSC_0104-c\u00f2pia.jpg 1382w\" sizes=\"auto, (max-width: 300px) 100vw, 300px\" \/><\/a><\/p>\n<p><a href=\"https:\/\/photos.app.goo.gl\/awF74g8sU1XwG6Cp8\" target=\"_blank\" rel=\"noopener\">Cliqueu damunt la foto per veure tot l&#8217;\u00e0lbum.<\/a><\/p>\n","protected":false},"excerpt":{"rendered":"<p>Aquesta setmana hem gaudit de la presentaci\u00f3 de tres instruments de la fam\u00edlia del vent-fusta. Hem pogut sentir el saxo tenor i el saxo alt, a m\u00e9s del clarinet. Tots tres instruments necessiten una canya per poder sonar, doncs \u00e9s l&#8217;element que els aporta la&hellip;  <a href=\"https:\/\/agora.xtec.cat\/escjoanardevol\/general\/instruments-de-vent-a-lescola\/\" title=\"Read Instruments de vent a l&#8217;escola\">Llegeix m\u00e9s\u00bb<\/a><\/p>\n","protected":false},"author":1,"featured_media":5569,"comment_status":"closed","ping_status":"closed","sticky":false,"template":"","format":"standard","meta":{"_bbp_topic_count":0,"_bbp_reply_count":0,"_bbp_total_topic_count":0,"_bbp_total_reply_count":0,"_bbp_voice_count":0,"_bbp_anonymous_reply_count":0,"_bbp_topic_count_hidden":0,"_bbp_reply_count_hidden":0,"_bbp_forum_subforum_count":0,"footnotes":""},"categories":[1,4,5],"tags":[59,75,76,77,145],"class_list":["post-5568","post","type-post","status-publish","format-standard","has-post-thumbnail","hentry","category-general","category-portada","category-primaria","tag-activitats","tag-cicle-inicial","tag-cicle-mitja","tag-cicle-superior-2","tag-musica"],"post_mailing_queue_ids":[],"_links":{"self":[{"href":"https:\/\/agora.xtec.cat\/escjoanardevol\/wp-json\/wp\/v2\/posts\/5568","targetHints":{"allow":["GET"]}}],"collection":[{"href":"https:\/\/agora.xtec.cat\/escjoanardevol\/wp-json\/wp\/v2\/posts"}],"about":[{"href":"https:\/\/agora.xtec.cat\/escjoanardevol\/wp-json\/wp\/v2\/types\/post"}],"author":[{"embeddable":true,"href":"https:\/\/agora.xtec.cat\/escjoanardevol\/wp-json\/wp\/v2\/users\/1"}],"replies":[{"embeddable":true,"href":"https:\/\/agora.xtec.cat\/escjoanardevol\/wp-json\/wp\/v2\/comments?post=5568"}],"version-history":[{"count":3,"href":"https:\/\/agora.xtec.cat\/escjoanardevol\/wp-json\/wp\/v2\/posts\/5568\/revisions"}],"predecessor-version":[{"id":5576,"href":"https:\/\/agora.xtec.cat\/escjoanardevol\/wp-json\/wp\/v2\/posts\/5568\/revisions\/5576"}],"wp:featuredmedia":[{"embeddable":true,"href":"https:\/\/agora.xtec.cat\/escjoanardevol\/wp-json\/wp\/v2\/media\/5569"}],"wp:attachment":[{"href":"https:\/\/agora.xtec.cat\/escjoanardevol\/wp-json\/wp\/v2\/media?parent=5568"}],"wp:term":[{"taxonomy":"category","embeddable":true,"href":"https:\/\/agora.xtec.cat\/escjoanardevol\/wp-json\/wp\/v2\/categories?post=5568"},{"taxonomy":"post_tag","embeddable":true,"href":"https:\/\/agora.xtec.cat\/escjoanardevol\/wp-json\/wp\/v2\/tags?post=5568"}],"curies":[{"name":"wp","href":"https:\/\/api.w.org\/{rel}","templated":true}]}}