{"id":5565,"date":"2018-11-07T10:44:40","date_gmt":"2018-11-07T09:44:40","guid":{"rendered":"http:\/\/agora.xtec.cat\/escjoanardevol\/?p=5565"},"modified":"2018-11-07T14:28:22","modified_gmt":"2018-11-07T13:28:22","slug":"etwinning-hug-your-environment","status":"publish","type":"post","link":"https:\/\/agora.xtec.cat\/escjoanardevol\/portada\/etwinning-hug-your-environment\/","title":{"rendered":"Etwinning &#8220;Hug Your Environment&#8221;"},"content":{"rendered":"<p>Aquest mes hem comen\u00e7at un nou projecte internacional a la plataforma Etwinning d&#8217;intercanvi d&#8217;experi\u00e8ncies. Durant els pr\u00f2xims mesos treballarem conjuntament amb escoles de Romania, It\u00e0lia, Gr\u00e8cia, Alb\u00e0nia, Turquia i de les illes Can\u00e0ries per millorar el nostre entorn i veure diferents maneres de treballar amb d&#8217;altres escoles verdes.<br \/>\nEsperem que aquesta experi\u00e8ncia enriqueixi els coneixements dels nostres alumnes i serveixi com a punt de partida per a moltes m\u00e9s en el futur.<\/p>\n<p><img loading=\"lazy\" decoding=\"async\" class=\"alignnone size-thumbnail wp-image-5566\" src=\"https:\/\/agora.xtec.cat\/escjoanardevol\/wp-content\/uploads\/usu550\/2018\/11\/Captura-de-2018-11-07-10-41-02-150x150.png\" alt=\"\" width=\"1215\" height=\"926\" srcset=\"https:\/\/agora.xtec.cat\/escjoanardevol\/wp-content\/uploads\/usu550\/2018\/11\/Captura-de-2018-11-07-10-41-02-300x229.png 300w, https:\/\/agora.xtec.cat\/escjoanardevol\/wp-content\/uploads\/usu550\/2018\/11\/Captura-de-2018-11-07-10-41-02-768x585.png 768w, https:\/\/agora.xtec.cat\/escjoanardevol\/wp-content\/uploads\/usu550\/2018\/11\/Captura-de-2018-11-07-10-41-02-1024x780.png 1024w, https:\/\/agora.xtec.cat\/escjoanardevol\/wp-content\/uploads\/usu550\/2018\/11\/Captura-de-2018-11-07-10-41-02.png 1215w\" sizes=\"auto, (max-width: 1215px) 100vw, 1215px\" \/><\/p>\n","protected":false},"excerpt":{"rendered":"<p>Aquest mes hem comen\u00e7at un nou projecte internacional a la plataforma Etwinning d&#8217;intercanvi d&#8217;experi\u00e8ncies. Durant els pr\u00f2xims mesos treballarem conjuntament amb escoles de Romania, It\u00e0lia, Gr\u00e8cia, Alb\u00e0nia, Turquia i de les illes Can\u00e0ries per millorar el nostre entorn i veure diferents maneres de treballar amb&hellip;  <a href=\"https:\/\/agora.xtec.cat\/escjoanardevol\/portada\/etwinning-hug-your-environment\/\" title=\"Read Etwinning &#8220;Hug Your Environment&#8221;\">Llegeix m\u00e9s\u00bb<\/a><\/p>\n","protected":false},"author":28,"featured_media":5566,"comment_status":"closed","ping_status":"closed","sticky":false,"template":"","format":"standard","meta":{"_bbp_topic_count":0,"_bbp_reply_count":0,"_bbp_total_topic_count":0,"_bbp_total_reply_count":0,"_bbp_voice_count":0,"_bbp_anonymous_reply_count":0,"_bbp_topic_count_hidden":0,"_bbp_reply_count_hidden":0,"_bbp_forum_subforum_count":0,"footnotes":""},"categories":[206,4],"tags":[59,76,77,228,218],"class_list":["post-5565","post","type-post","status-publish","format-standard","has-post-thumbnail","hentry","category-verda","category-portada","tag-activitats","tag-cicle-mitja","tag-cicle-superior-2","tag-english","tag-english-corner"],"post_mailing_queue_ids":[],"_links":{"self":[{"href":"https:\/\/agora.xtec.cat\/escjoanardevol\/wp-json\/wp\/v2\/posts\/5565","targetHints":{"allow":["GET"]}}],"collection":[{"href":"https:\/\/agora.xtec.cat\/escjoanardevol\/wp-json\/wp\/v2\/posts"}],"about":[{"href":"https:\/\/agora.xtec.cat\/escjoanardevol\/wp-json\/wp\/v2\/types\/post"}],"author":[{"embeddable":true,"href":"https:\/\/agora.xtec.cat\/escjoanardevol\/wp-json\/wp\/v2\/users\/28"}],"replies":[{"embeddable":true,"href":"https:\/\/agora.xtec.cat\/escjoanardevol\/wp-json\/wp\/v2\/comments?post=5565"}],"version-history":[{"count":1,"href":"https:\/\/agora.xtec.cat\/escjoanardevol\/wp-json\/wp\/v2\/posts\/5565\/revisions"}],"predecessor-version":[{"id":5567,"href":"https:\/\/agora.xtec.cat\/escjoanardevol\/wp-json\/wp\/v2\/posts\/5565\/revisions\/5567"}],"wp:featuredmedia":[{"embeddable":true,"href":"https:\/\/agora.xtec.cat\/escjoanardevol\/wp-json\/wp\/v2\/media\/5566"}],"wp:attachment":[{"href":"https:\/\/agora.xtec.cat\/escjoanardevol\/wp-json\/wp\/v2\/media?parent=5565"}],"wp:term":[{"taxonomy":"category","embeddable":true,"href":"https:\/\/agora.xtec.cat\/escjoanardevol\/wp-json\/wp\/v2\/categories?post=5565"},{"taxonomy":"post_tag","embeddable":true,"href":"https:\/\/agora.xtec.cat\/escjoanardevol\/wp-json\/wp\/v2\/tags?post=5565"}],"curies":[{"name":"wp","href":"https:\/\/api.w.org\/{rel}","templated":true}]}}