{"id":5523,"date":"2018-10-26T16:44:03","date_gmt":"2018-10-26T14:44:03","guid":{"rendered":"http:\/\/agora.xtec.cat\/escjoanardevol\/?p=5523"},"modified":"2018-10-26T16:50:37","modified_gmt":"2018-10-26T14:50:37","slug":"2n-visita-la-biblioteca","status":"publish","type":"post","link":"https:\/\/agora.xtec.cat\/escjoanardevol\/portada\/2n-visita-la-biblioteca\/","title":{"rendered":"2n visita la biblioteca"},"content":{"rendered":"<p>El Dijous 25 d\u2019octubre, els alumnes de segon de cicle inicial, vam anar a peu fins a la Biblioteca P\u00fablica Municipal. All\u00e0 ens esperava la Rosana, una de les bibliotec\u00e0ries, per tal de fer-nos una visita guiada. La primera cosa que va fer, va ser recordar-nos les normes de funcionament de la biblioteca. Despr\u00e9s ens va explicar els tipus de llibres que existeixen a la planta baixa (planta infantil): els de gomet blau, vermell i verd que s\u00f3n llibres d\u2019imaginaci\u00f3 per a diferents edats. Tamb\u00e9 ens va comentar que tenen llibres de coneixements, identificats amb una imatge depenent de la tipologia: animals, professions\u2026<br \/>\nPer tal d\u2019entendre l\u2019explicaci\u00f3, vam fer una din\u00e0mica de grup que consistia en observar i fullejar diversos llibres i endevinar si era d\u2019imaginaci\u00f3 o de coneixement. En acabar-la, ens va llegir un parell de contes i ens va deixar temps per a mirar tot el material de qu\u00e8 disposem si visitem la biblioteca en una altra ocasi\u00f3. Per \u00faltim, ens va animar a que ens f\u00e9ssim el carnet de la biblioteca i ens vam acomiadar. Vam donar-li les gr\u00e0cies pel seu temps i dedicaci\u00f3. A partir d\u2019ara intentarem visitar la biblioteca m\u00e9s sovint.<\/p>\n<p><a href=\"https:\/\/photos.app.goo.gl\/tRxu4E8FPwVCEEfy6\" target=\"_blank\" rel=\"noopener\"><img loading=\"lazy\" decoding=\"async\" class=\"wp-image-5524 size-medium alignnone\" src=\"https:\/\/agora.xtec.cat\/escjoanardevol\/wp-content\/uploads\/usu550\/2018\/10\/20181025_110228-c\u00f2pia-300x169.jpg\" alt=\"\" width=\"300\" height=\"169\" srcset=\"https:\/\/agora.xtec.cat\/escjoanardevol\/wp-content\/uploads\/usu550\/2018\/10\/20181025_110228-c\u00f2pia-300x169.jpg 300w, https:\/\/agora.xtec.cat\/escjoanardevol\/wp-content\/uploads\/usu550\/2018\/10\/20181025_110228-c\u00f2pia-768x432.jpg 768w, https:\/\/agora.xtec.cat\/escjoanardevol\/wp-content\/uploads\/usu550\/2018\/10\/20181025_110228-c\u00f2pia-1024x576.jpg 1024w, https:\/\/agora.xtec.cat\/escjoanardevol\/wp-content\/uploads\/usu550\/2018\/10\/20181025_110228-c\u00f2pia.jpg 2016w\" sizes=\"auto, (max-width: 300px) 100vw, 300px\" \/><\/a><\/p>\n<p><a href=\"https:\/\/photos.app.goo.gl\/tRxu4E8FPwVCEEfy6\" target=\"_blank\" rel=\"noopener\">Cliqueu damunt de la imatge per veure tot l&#8217;\u00e0lbum de fotos.<\/a><\/p>\n","protected":false},"excerpt":{"rendered":"<p>El Dijous 25 d\u2019octubre, els alumnes de segon de cicle inicial, vam anar a peu fins a la Biblioteca P\u00fablica Municipal. All\u00e0 ens esperava la Rosana, una de les bibliotec\u00e0ries, per tal de fer-nos una visita guiada. La primera cosa que va fer, va ser&hellip;  <a href=\"https:\/\/agora.xtec.cat\/escjoanardevol\/portada\/2n-visita-la-biblioteca\/\" title=\"Read 2n visita la biblioteca\">Llegeix m\u00e9s\u00bb<\/a><\/p>\n","protected":false},"author":1,"featured_media":5524,"comment_status":"closed","ping_status":"closed","sticky":false,"template":"","format":"standard","meta":{"_bbp_topic_count":0,"_bbp_reply_count":0,"_bbp_total_topic_count":0,"_bbp_total_reply_count":0,"_bbp_voice_count":0,"_bbp_anonymous_reply_count":0,"_bbp_topic_count_hidden":0,"_bbp_reply_count_hidden":0,"_bbp_forum_subforum_count":0,"footnotes":""},"categories":[11,4],"tags":[59,67,69,75,130,133],"class_list":["post-5523","post","type-post","status-publish","format-standard","has-post-thumbnail","hentry","category-2n","category-portada","tag-activitats","tag-biblioteca","tag-cambrils","tag-cicle-inicial","tag-lectura","tag-llibres"],"post_mailing_queue_ids":[],"_links":{"self":[{"href":"https:\/\/agora.xtec.cat\/escjoanardevol\/wp-json\/wp\/v2\/posts\/5523","targetHints":{"allow":["GET"]}}],"collection":[{"href":"https:\/\/agora.xtec.cat\/escjoanardevol\/wp-json\/wp\/v2\/posts"}],"about":[{"href":"https:\/\/agora.xtec.cat\/escjoanardevol\/wp-json\/wp\/v2\/types\/post"}],"author":[{"embeddable":true,"href":"https:\/\/agora.xtec.cat\/escjoanardevol\/wp-json\/wp\/v2\/users\/1"}],"replies":[{"embeddable":true,"href":"https:\/\/agora.xtec.cat\/escjoanardevol\/wp-json\/wp\/v2\/comments?post=5523"}],"version-history":[{"count":3,"href":"https:\/\/agora.xtec.cat\/escjoanardevol\/wp-json\/wp\/v2\/posts\/5523\/revisions"}],"predecessor-version":[{"id":5527,"href":"https:\/\/agora.xtec.cat\/escjoanardevol\/wp-json\/wp\/v2\/posts\/5523\/revisions\/5527"}],"wp:featuredmedia":[{"embeddable":true,"href":"https:\/\/agora.xtec.cat\/escjoanardevol\/wp-json\/wp\/v2\/media\/5524"}],"wp:attachment":[{"href":"https:\/\/agora.xtec.cat\/escjoanardevol\/wp-json\/wp\/v2\/media?parent=5523"}],"wp:term":[{"taxonomy":"category","embeddable":true,"href":"https:\/\/agora.xtec.cat\/escjoanardevol\/wp-json\/wp\/v2\/categories?post=5523"},{"taxonomy":"post_tag","embeddable":true,"href":"https:\/\/agora.xtec.cat\/escjoanardevol\/wp-json\/wp\/v2\/tags?post=5523"}],"curies":[{"name":"wp","href":"https:\/\/api.w.org\/{rel}","templated":true}]}}