{"id":5502,"date":"2018-10-25T13:41:52","date_gmt":"2018-10-25T11:41:52","guid":{"rendered":"http:\/\/agora.xtec.cat\/escjoanardevol\/?p=5502"},"modified":"2018-10-25T14:53:04","modified_gmt":"2018-10-25T12:53:04","slug":"aprenents-dhistoriadors","status":"publish","type":"post","link":"https:\/\/agora.xtec.cat\/escjoanardevol\/general\/aprenents-dhistoriadors\/","title":{"rendered":"Aprenents d&#8217;historiadors"},"content":{"rendered":"<p>Dimarts 23 i dimecres 24 els alumnes de 5\u00e8 vam visitar les depend\u00e8ncies de l&#8217;Arxiu Municipal de Cambrils. All\u00e0 vam descobrir quins documents utilitzen els historiadors per con\u00e8ixer i interpretar la hist\u00f2ria. Tamb\u00e9 ens van explicar com es conserven aquests documents i ens van ensenyar alguns relacionats amb la hist\u00f2ria de la nostra escola. Va ser una visita molt interessant i profitosa.<\/p>\n<p>A l&#8217;enlla\u00e7 de sota trobareu informaci\u00f3 de la visita a la Revista Cambrils.<\/p>\n<p><a href=\"https:\/\/agora.xtec.cat\/escjoanardevol\/wp-content\/uploads\/usu550\/2018\/10\/IMG-20181024-WA0011.jpg\"><img loading=\"lazy\" decoding=\"async\" class=\"wp-image-5504 alignleft\" src=\"https:\/\/agora.xtec.cat\/escjoanardevol\/wp-content\/uploads\/usu550\/2018\/10\/IMG-20181024-WA0011-1024x767.jpg\" alt=\"\" width=\"277\" height=\"207\" srcset=\"https:\/\/agora.xtec.cat\/escjoanardevol\/wp-content\/uploads\/usu550\/2018\/10\/IMG-20181024-WA0011-1024x767.jpg 1024w, https:\/\/agora.xtec.cat\/escjoanardevol\/wp-content\/uploads\/usu550\/2018\/10\/IMG-20181024-WA0011-300x225.jpg 300w, https:\/\/agora.xtec.cat\/escjoanardevol\/wp-content\/uploads\/usu550\/2018\/10\/IMG-20181024-WA0011-768x575.jpg 768w, https:\/\/agora.xtec.cat\/escjoanardevol\/wp-content\/uploads\/usu550\/2018\/10\/IMG-20181024-WA0011-200x150.jpg 200w, https:\/\/agora.xtec.cat\/escjoanardevol\/wp-content\/uploads\/usu550\/2018\/10\/IMG-20181024-WA0011.jpg 1600w\" sizes=\"auto, (max-width: 277px) 100vw, 277px\" \/><\/a> <a href=\"https:\/\/agora.xtec.cat\/escjoanardevol\/wp-content\/uploads\/usu550\/2018\/10\/20181023_100606.jpg\"><img loading=\"lazy\" decoding=\"async\" class=\"wp-image-5505 alignnone\" src=\"https:\/\/agora.xtec.cat\/escjoanardevol\/wp-content\/uploads\/usu550\/2018\/10\/20181023_100606-1024x576.jpg\" alt=\"\" width=\"388\" height=\"218\" srcset=\"https:\/\/agora.xtec.cat\/escjoanardevol\/wp-content\/uploads\/usu550\/2018\/10\/20181023_100606.jpg 1024w, https:\/\/agora.xtec.cat\/escjoanardevol\/wp-content\/uploads\/usu550\/2018\/10\/20181023_100606-300x169.jpg 300w, https:\/\/agora.xtec.cat\/escjoanardevol\/wp-content\/uploads\/usu550\/2018\/10\/20181023_100606-768x432.jpg 768w\" sizes=\"auto, (max-width: 388px) 100vw, 388px\" \/><\/a><\/p>\n<p><a href=\"https:\/\/www.revistacambrils.cat\/noticia\/25777\/alumnes-de-cinque-de-lescola-joan-ardevol-son-aprenents-dhistoriador-a-larxiu-municipal\" target=\"_blank\" rel=\"noopener\">https:\/\/www.revistacambrils.cat\/noticia\/25777\/alumnes-de-cinque-de-lescola-joan-ardevol-son-aprenents-dhistoriador-a-larxiu-municipal<\/a><\/p>\n<p><a href=\"https:\/\/www.revistacambrils.cat\/noticia\/25777\/alumnes-de-cinque-de-lescola-joan-ardevol-son-aprenents-dhistoriador-a-larxiu-municipal\" target=\"_blank\" rel=\"noopener\"><img loading=\"lazy\" decoding=\"async\" class=\"alignnone\" src=\"https:\/\/www.revistacambrils.cat\/img\/logo.svg\" alt=\"\" width=\"526\" height=\"83\" \/><\/a><\/p>\n","protected":false},"excerpt":{"rendered":"<p>Dimarts 23 i dimecres 24 els alumnes de 5\u00e8 vam visitar les depend\u00e8ncies de l&#8217;Arxiu Municipal de Cambrils. All\u00e0 vam descobrir quins documents utilitzen els historiadors per con\u00e8ixer i interpretar la hist\u00f2ria. Tamb\u00e9 ens van explicar com es conserven aquests documents i ens van ensenyar&hellip;  <a href=\"https:\/\/agora.xtec.cat\/escjoanardevol\/general\/aprenents-dhistoriadors\/\" title=\"Read Aprenents d&#8217;historiadors\">Llegeix m\u00e9s\u00bb<\/a><\/p>\n","protected":false},"author":33,"featured_media":5505,"comment_status":"closed","ping_status":"closed","sticky":false,"template":"","format":"standard","meta":{"_bbp_topic_count":0,"_bbp_reply_count":0,"_bbp_total_topic_count":0,"_bbp_total_reply_count":0,"_bbp_voice_count":0,"_bbp_anonymous_reply_count":0,"_bbp_topic_count_hidden":0,"_bbp_reply_count_hidden":0,"_bbp_forum_subforum_count":0,"footnotes":""},"categories":[14,1,4,5],"tags":[59,77,82],"class_list":["post-5502","post","type-post","status-publish","format-standard","has-post-thumbnail","hentry","category-5e","category-general","category-portada","category-primaria","tag-activitats","tag-cicle-superior-2","tag-cinque"],"post_mailing_queue_ids":[],"_links":{"self":[{"href":"https:\/\/agora.xtec.cat\/escjoanardevol\/wp-json\/wp\/v2\/posts\/5502","targetHints":{"allow":["GET"]}}],"collection":[{"href":"https:\/\/agora.xtec.cat\/escjoanardevol\/wp-json\/wp\/v2\/posts"}],"about":[{"href":"https:\/\/agora.xtec.cat\/escjoanardevol\/wp-json\/wp\/v2\/types\/post"}],"author":[{"embeddable":true,"href":"https:\/\/agora.xtec.cat\/escjoanardevol\/wp-json\/wp\/v2\/users\/33"}],"replies":[{"embeddable":true,"href":"https:\/\/agora.xtec.cat\/escjoanardevol\/wp-json\/wp\/v2\/comments?post=5502"}],"version-history":[{"count":4,"href":"https:\/\/agora.xtec.cat\/escjoanardevol\/wp-json\/wp\/v2\/posts\/5502\/revisions"}],"predecessor-version":[{"id":5521,"href":"https:\/\/agora.xtec.cat\/escjoanardevol\/wp-json\/wp\/v2\/posts\/5502\/revisions\/5521"}],"wp:featuredmedia":[{"embeddable":true,"href":"https:\/\/agora.xtec.cat\/escjoanardevol\/wp-json\/wp\/v2\/media\/5505"}],"wp:attachment":[{"href":"https:\/\/agora.xtec.cat\/escjoanardevol\/wp-json\/wp\/v2\/media?parent=5502"}],"wp:term":[{"taxonomy":"category","embeddable":true,"href":"https:\/\/agora.xtec.cat\/escjoanardevol\/wp-json\/wp\/v2\/categories?post=5502"},{"taxonomy":"post_tag","embeddable":true,"href":"https:\/\/agora.xtec.cat\/escjoanardevol\/wp-json\/wp\/v2\/tags?post=5502"}],"curies":[{"name":"wp","href":"https:\/\/api.w.org\/{rel}","templated":true}]}}