{"id":5496,"date":"2018-10-22T12:46:34","date_gmt":"2018-10-22T10:46:34","guid":{"rendered":"http:\/\/agora.xtec.cat\/escjoanardevol\/?p=5496"},"modified":"2018-10-22T12:46:34","modified_gmt":"2018-10-22T10:46:34","slug":"ha-arribat-la-tardor","status":"publish","type":"post","link":"https:\/\/agora.xtec.cat\/escjoanardevol\/infantil\/ha-arribat-la-tardor\/","title":{"rendered":"Ha arribat la tardor!"},"content":{"rendered":"<p>Ha arribat la tardor a l&#8217;escola, hem sortit a buscar fulles, les hem trepitjat i la can\u00e7\u00f3 de M&#8217;agrada la tardor hem cantat! I una nova sorpresa m\u00e9s, la Maria Castanyera ens ha visitat i el seu conte ens ha explicat<\/p>\n<p><a href=\"https:\/\/photos.app.goo.gl\/tLt7EBVnHEAtuQSB8\" target=\"_blank\" rel=\"noopener\"><img loading=\"lazy\" decoding=\"async\" class=\"alignleft wp-image-5497 size-medium\" src=\"https:\/\/agora.xtec.cat\/escjoanardevol\/wp-content\/uploads\/usu550\/2018\/10\/IMG_8116-c\u00f2pia-300x225.jpg\" alt=\"\" width=\"300\" height=\"225\" srcset=\"https:\/\/agora.xtec.cat\/escjoanardevol\/wp-content\/uploads\/usu550\/2018\/10\/IMG_8116-c\u00f2pia-300x225.jpg 300w, https:\/\/agora.xtec.cat\/escjoanardevol\/wp-content\/uploads\/usu550\/2018\/10\/IMG_8116-c\u00f2pia-768x576.jpg 768w, https:\/\/agora.xtec.cat\/escjoanardevol\/wp-content\/uploads\/usu550\/2018\/10\/IMG_8116-c\u00f2pia-1024x768.jpg 1024w, https:\/\/agora.xtec.cat\/escjoanardevol\/wp-content\/uploads\/usu550\/2018\/10\/IMG_8116-c\u00f2pia-200x150.jpg 200w\" sizes=\"auto, (max-width: 300px) 100vw, 300px\" \/><\/a><\/p>\n<p>&nbsp;<\/p>\n<p>&nbsp;<\/p>\n<p>&nbsp;<\/p>\n<p>&nbsp;<\/p>\n<p>&nbsp;<\/p>\n<p><a href=\"https:\/\/photos.app.goo.gl\/tLt7EBVnHEAtuQSB8\" target=\"_blank\" rel=\"noopener\">Cliqueu damunt la imatge per accedir a les fotos.<\/a><\/p>\n","protected":false},"excerpt":{"rendered":"<p>Ha arribat la tardor a l&#8217;escola, hem sortit a buscar fulles, les hem trepitjat i la can\u00e7\u00f3 de M&#8217;agrada la tardor hem cantat! I una nova sorpresa m\u00e9s, la Maria Castanyera ens ha visitat i el seu conte ens ha explicat<br \/>\n<a href=\"https:\/\/photos.app.goo.gl\/tLt7EBVnHEAtuQSB8\" target=\"_blank\" rel=\"noopener\"><\/a><br \/>\n&nbsp;<br \/>\n&nbsp;<br \/>\n&nbsp;<br \/>\n&nbsp;<br \/>\n&nbsp;<br \/>\n<a href=\"https:\/\/photos.app.goo.gl\/tLt7EBVnHEAtuQSB8\"&hellip;  <a href=\"https:\/\/agora.xtec.cat\/escjoanardevol\/infantil\/ha-arribat-la-tardor\/\" title=\"Read Ha arribat la tardor!\">Llegeix m\u00e9s\u00bb<\/a><\/p>\n","protected":false},"author":1,"featured_media":5497,"comment_status":"closed","ping_status":"closed","sticky":false,"template":"","format":"standard","meta":{"_bbp_topic_count":0,"_bbp_reply_count":0,"_bbp_total_topic_count":0,"_bbp_total_reply_count":0,"_bbp_voice_count":0,"_bbp_anonymous_reply_count":0,"_bbp_topic_count_hidden":0,"_bbp_reply_count_hidden":0,"_bbp_forum_subforum_count":0,"footnotes":""},"categories":[2,3,4],"tags":[59,103,140,16,178],"class_list":["post-5496","post","type-post","status-publish","format-standard","has-post-thumbnail","hentry","category-infantil","category-p3","category-portada","tag-activitats","tag-educacio-infantil","tag-medi","tag-sortides","tag-tardor"],"post_mailing_queue_ids":[],"_links":{"self":[{"href":"https:\/\/agora.xtec.cat\/escjoanardevol\/wp-json\/wp\/v2\/posts\/5496","targetHints":{"allow":["GET"]}}],"collection":[{"href":"https:\/\/agora.xtec.cat\/escjoanardevol\/wp-json\/wp\/v2\/posts"}],"about":[{"href":"https:\/\/agora.xtec.cat\/escjoanardevol\/wp-json\/wp\/v2\/types\/post"}],"author":[{"embeddable":true,"href":"https:\/\/agora.xtec.cat\/escjoanardevol\/wp-json\/wp\/v2\/users\/1"}],"replies":[{"embeddable":true,"href":"https:\/\/agora.xtec.cat\/escjoanardevol\/wp-json\/wp\/v2\/comments?post=5496"}],"version-history":[{"count":1,"href":"https:\/\/agora.xtec.cat\/escjoanardevol\/wp-json\/wp\/v2\/posts\/5496\/revisions"}],"predecessor-version":[{"id":5498,"href":"https:\/\/agora.xtec.cat\/escjoanardevol\/wp-json\/wp\/v2\/posts\/5496\/revisions\/5498"}],"wp:featuredmedia":[{"embeddable":true,"href":"https:\/\/agora.xtec.cat\/escjoanardevol\/wp-json\/wp\/v2\/media\/5497"}],"wp:attachment":[{"href":"https:\/\/agora.xtec.cat\/escjoanardevol\/wp-json\/wp\/v2\/media?parent=5496"}],"wp:term":[{"taxonomy":"category","embeddable":true,"href":"https:\/\/agora.xtec.cat\/escjoanardevol\/wp-json\/wp\/v2\/categories?post=5496"},{"taxonomy":"post_tag","embeddable":true,"href":"https:\/\/agora.xtec.cat\/escjoanardevol\/wp-json\/wp\/v2\/tags?post=5496"}],"curies":[{"name":"wp","href":"https:\/\/api.w.org\/{rel}","templated":true}]}}