{"id":5459,"date":"2018-09-21T11:45:50","date_gmt":"2018-09-21T09:45:50","guid":{"rendered":"http:\/\/agora.xtec.cat\/escjoanardevol\/?p=5459"},"modified":"2018-09-21T15:14:59","modified_gmt":"2018-09-21T13:14:59","slug":"comencem-el-nou-curs-amb-lescola-verda","status":"publish","type":"post","link":"https:\/\/agora.xtec.cat\/escjoanardevol\/infantil\/comencem-el-nou-curs-amb-lescola-verda\/","title":{"rendered":"Comencem el nou curs amb l&#8217;escola verda"},"content":{"rendered":"<p>Benvinguts a tots i totes a l&#8217;Escola Verda!\u00a0<img loading=\"lazy\" decoding=\"async\" class=\"alignleft wp-image-5461 \" src=\"http:\/\/agora.xtec.cat\/escjoanardevol\/wp-content\/uploads\/usu550\/2018\/09\/verdi.jpg\" alt=\"\" width=\"238\" height=\"215\" \/><\/p>\n<p>Pels qui no em coneixeu s\u00f3c en Verdi i junt amb els meus ajudants, els Agents Verds de 6\u00e8, som els encarregats de dur a terme diferents missions relacionades amb l&#8217;educaci\u00f3 per a la sostenibilitat.<br \/>\nAhir ja vam comen\u00e7ar amb la primera tasca, revisar la recollida selectiva de cada classe i anar a llen\u00e7ar-la als contenidors blau i groc.<\/p>\n<p style=\"text-align: left;\">La veritat \u00e9s que en general la classificaci\u00f3 es va fer for\u00e7a b\u00e9 i per aix\u00f2 volem felicitar a tots els nens i nenes de l&#8217;escola. Seguiu aix\u00ed!<\/p>\n<p style=\"text-align: center;\"><strong>I recordeu&#8230; els petits canvis s\u00f3n poderosos.<\/strong><\/p>\n<p><img loading=\"lazy\" decoding=\"async\" class=\"wp-image-5460 aligncenter\" src=\"http:\/\/agora.xtec.cat\/escjoanardevol\/wp-content\/uploads\/usu550\/2018\/09\/Agents-Verds2-300x183.jpg\" alt=\"\" width=\"500\" height=\"306\" srcset=\"https:\/\/agora.xtec.cat\/escjoanardevol\/wp-content\/uploads\/usu550\/2018\/09\/Agents-Verds2-300x183.jpg 300w, https:\/\/agora.xtec.cat\/escjoanardevol\/wp-content\/uploads\/usu550\/2018\/09\/Agents-Verds2-768x469.jpg 768w, https:\/\/agora.xtec.cat\/escjoanardevol\/wp-content\/uploads\/usu550\/2018\/09\/Agents-Verds2-1024x626.jpg 1024w\" sizes=\"auto, (max-width: 500px) 100vw, 500px\" \/><\/p>\n","protected":false},"excerpt":{"rendered":"<p>Benvinguts a tots i totes a l&#8217;Escola Verda!\u00a0<br \/>\nPels qui no em coneixeu s\u00f3c en Verdi i junt amb els meus ajudants, els Agents Verds de 6\u00e8, som els encarregats de dur a terme diferents missions relacionades amb l&#8217;educaci\u00f3 per a la sostenibilitat.<br \/>\nAhir ja vam comen\u00e7ar&hellip;  <a href=\"https:\/\/agora.xtec.cat\/escjoanardevol\/infantil\/comencem-el-nou-curs-amb-lescola-verda\/\" title=\"Read Comencem el nou curs amb l&#8217;escola verda\">Llegeix m\u00e9s\u00bb<\/a><\/p>\n","protected":false},"author":1,"featured_media":5460,"comment_status":"closed","ping_status":"closed","sticky":false,"template":"","format":"standard","meta":{"_bbp_topic_count":0,"_bbp_reply_count":0,"_bbp_total_topic_count":0,"_bbp_total_reply_count":0,"_bbp_voice_count":0,"_bbp_anonymous_reply_count":0,"_bbp_topic_count_hidden":0,"_bbp_reply_count_hidden":0,"_bbp_forum_subforum_count":0,"footnotes":""},"categories":[206,2,4,5],"tags":[59,75,76,77,103,108],"class_list":["post-5459","post","type-post","status-publish","format-standard","has-post-thumbnail","hentry","category-verda","category-infantil","category-portada","category-primaria","tag-activitats","tag-cicle-inicial","tag-cicle-mitja","tag-cicle-superior-2","tag-educacio-infantil","tag-escola-verda"],"post_mailing_queue_ids":[],"_links":{"self":[{"href":"https:\/\/agora.xtec.cat\/escjoanardevol\/wp-json\/wp\/v2\/posts\/5459","targetHints":{"allow":["GET"]}}],"collection":[{"href":"https:\/\/agora.xtec.cat\/escjoanardevol\/wp-json\/wp\/v2\/posts"}],"about":[{"href":"https:\/\/agora.xtec.cat\/escjoanardevol\/wp-json\/wp\/v2\/types\/post"}],"author":[{"embeddable":true,"href":"https:\/\/agora.xtec.cat\/escjoanardevol\/wp-json\/wp\/v2\/users\/1"}],"replies":[{"embeddable":true,"href":"https:\/\/agora.xtec.cat\/escjoanardevol\/wp-json\/wp\/v2\/comments?post=5459"}],"version-history":[{"count":3,"href":"https:\/\/agora.xtec.cat\/escjoanardevol\/wp-json\/wp\/v2\/posts\/5459\/revisions"}],"predecessor-version":[{"id":5466,"href":"https:\/\/agora.xtec.cat\/escjoanardevol\/wp-json\/wp\/v2\/posts\/5459\/revisions\/5466"}],"wp:featuredmedia":[{"embeddable":true,"href":"https:\/\/agora.xtec.cat\/escjoanardevol\/wp-json\/wp\/v2\/media\/5460"}],"wp:attachment":[{"href":"https:\/\/agora.xtec.cat\/escjoanardevol\/wp-json\/wp\/v2\/media?parent=5459"}],"wp:term":[{"taxonomy":"category","embeddable":true,"href":"https:\/\/agora.xtec.cat\/escjoanardevol\/wp-json\/wp\/v2\/categories?post=5459"},{"taxonomy":"post_tag","embeddable":true,"href":"https:\/\/agora.xtec.cat\/escjoanardevol\/wp-json\/wp\/v2\/tags?post=5459"}],"curies":[{"name":"wp","href":"https:\/\/api.w.org\/{rel}","templated":true}]}}