{"id":5397,"date":"2018-06-23T08:45:54","date_gmt":"2018-06-23T06:45:54","guid":{"rendered":"http:\/\/agora.xtec.cat\/escjoanardevol\/?p=5397"},"modified":"2018-06-23T08:46:45","modified_gmt":"2018-06-23T06:46:45","slug":"festivals-de-final-de-curs","status":"publish","type":"post","link":"https:\/\/agora.xtec.cat\/escjoanardevol\/infantil\/festivals-de-final-de-curs\/","title":{"rendered":"Festivals de final de curs"},"content":{"rendered":"<p>Els darrers dies de curs hem fet dos festivals.<br \/>\nEl dia 21 vam fer un festival destinat a les fam\u00edlies. Cada nivell s&#8217;havia preparat unes actuacions.<br \/>\nEl dia 22, el festival va ser a nivell intern i les actuacions eren diverses i volunt\u00e0ries. Hi va haver de tot: karaoke, can\u00e7ons, balls, m\u00e0gia&#8230;<\/p>\n<p>Va ser una bonica manera de finalitzar el curs!!<\/p>\n<p><a href=\"https:\/\/photos.app.goo.gl\/cXy9DPRL8KjtdimGA\" target=\"_blank\" rel=\"noopener noreferrer\"><img loading=\"lazy\" decoding=\"async\" class=\"alignnone wp-image-5398 size-medium\" src=\"http:\/\/agora.xtec.cat\/escjoanardevol\/wp-content\/uploads\/usu550\/2018\/06\/20180621_102431-c\u00f2pia-300x169.jpg\" alt=\"\" width=\"300\" height=\"169\" srcset=\"https:\/\/agora.xtec.cat\/escjoanardevol\/wp-content\/uploads\/usu550\/2018\/06\/20180621_102431-c\u00f2pia-300x169.jpg 300w, https:\/\/agora.xtec.cat\/escjoanardevol\/wp-content\/uploads\/usu550\/2018\/06\/20180621_102431-c\u00f2pia-768x432.jpg 768w, https:\/\/agora.xtec.cat\/escjoanardevol\/wp-content\/uploads\/usu550\/2018\/06\/20180621_102431-c\u00f2pia-1024x575.jpg 1024w, https:\/\/agora.xtec.cat\/escjoanardevol\/wp-content\/uploads\/usu550\/2018\/06\/20180621_102431-c\u00f2pia.jpg 1210w\" sizes=\"auto, (max-width: 300px) 100vw, 300px\" \/><\/a><\/p>\n","protected":false},"excerpt":{"rendered":"<p>Els darrers dies de curs hem fet dos festivals.<br \/>\nEl dia 21 vam fer un festival destinat a les fam\u00edlies. Cada nivell s&#8217;havia preparat unes actuacions.<br \/>\nEl dia 22, el festival va ser a nivell intern i les actuacions eren diverses i volunt\u00e0ries. Hi va haver de&hellip;  <a href=\"https:\/\/agora.xtec.cat\/escjoanardevol\/infantil\/festivals-de-final-de-curs\/\" title=\"Read Festivals de final de curs\">Llegeix m\u00e9s\u00bb<\/a><\/p>\n","protected":false},"author":1,"featured_media":5398,"comment_status":"closed","ping_status":"closed","sticky":false,"template":"","format":"standard","meta":{"_bbp_topic_count":0,"_bbp_reply_count":0,"_bbp_total_topic_count":0,"_bbp_total_reply_count":0,"_bbp_voice_count":0,"_bbp_anonymous_reply_count":0,"_bbp_topic_count_hidden":0,"_bbp_reply_count_hidden":0,"_bbp_forum_subforum_count":0,"footnotes":""},"categories":[2,4,5],"tags":[59,75,76,77,103,115,145,182],"class_list":["post-5397","post","type-post","status-publish","format-standard","has-post-thumbnail","hentry","category-infantil","category-portada","category-primaria","tag-activitats","tag-cicle-inicial","tag-cicle-mitja","tag-cicle-superior-2","tag-educacio-infantil","tag-festes","tag-musica","tag-treball"],"post_mailing_queue_ids":[],"_links":{"self":[{"href":"https:\/\/agora.xtec.cat\/escjoanardevol\/wp-json\/wp\/v2\/posts\/5397","targetHints":{"allow":["GET"]}}],"collection":[{"href":"https:\/\/agora.xtec.cat\/escjoanardevol\/wp-json\/wp\/v2\/posts"}],"about":[{"href":"https:\/\/agora.xtec.cat\/escjoanardevol\/wp-json\/wp\/v2\/types\/post"}],"author":[{"embeddable":true,"href":"https:\/\/agora.xtec.cat\/escjoanardevol\/wp-json\/wp\/v2\/users\/1"}],"replies":[{"embeddable":true,"href":"https:\/\/agora.xtec.cat\/escjoanardevol\/wp-json\/wp\/v2\/comments?post=5397"}],"version-history":[{"count":2,"href":"https:\/\/agora.xtec.cat\/escjoanardevol\/wp-json\/wp\/v2\/posts\/5397\/revisions"}],"predecessor-version":[{"id":5400,"href":"https:\/\/agora.xtec.cat\/escjoanardevol\/wp-json\/wp\/v2\/posts\/5397\/revisions\/5400"}],"wp:featuredmedia":[{"embeddable":true,"href":"https:\/\/agora.xtec.cat\/escjoanardevol\/wp-json\/wp\/v2\/media\/5398"}],"wp:attachment":[{"href":"https:\/\/agora.xtec.cat\/escjoanardevol\/wp-json\/wp\/v2\/media?parent=5397"}],"wp:term":[{"taxonomy":"category","embeddable":true,"href":"https:\/\/agora.xtec.cat\/escjoanardevol\/wp-json\/wp\/v2\/categories?post=5397"},{"taxonomy":"post_tag","embeddable":true,"href":"https:\/\/agora.xtec.cat\/escjoanardevol\/wp-json\/wp\/v2\/tags?post=5397"}],"curies":[{"name":"wp","href":"https:\/\/api.w.org\/{rel}","templated":true}]}}