{"id":5390,"date":"2018-06-22T00:22:04","date_gmt":"2018-06-21T22:22:04","guid":{"rendered":"http:\/\/agora.xtec.cat\/escjoanardevol\/?p=5390"},"modified":"2018-06-23T08:28:53","modified_gmt":"2018-06-23T06:28:53","slug":"premis-biblioteca-escolar","status":"publish","type":"post","link":"https:\/\/agora.xtec.cat\/escjoanardevol\/portada\/premis-biblioteca-escolar\/","title":{"rendered":"Premis biblioteca escolar"},"content":{"rendered":"<p>El 21 de juny , els coordinadors de la biblioteca, hem fet l\u2019entrega dels premis als alumnes guanyadors de les activitats que cada curs organitza la biblioteca de l\u2019escola. El primer premi del Concurs de Lectura ha estat per a la Vega Valle Valle alumna de 2nA, que tamb\u00e9 ha rebut el diploma a l\u2019alumna m\u00e9s lectora del Centre. El segon premi ha estat per a la J\u00falia Fern\u00e1ndez de 4rt A i el tercer per a la Mariam Boussoufi de 3rA. El diploma a la classe m\u00e9s lectora i per segon any consecutiu, ha estat per als alumnes de la classe de 4tB.<br \/>\nEl nostre objectiu es aconseguir que la lectura estigui sempre present a la vida dels nostres alumnes i fer que esdevinguin grans lectors i lectores. Continuarem treballant amb molta il.lusi\u00f3 per aconsegui-ho.<br \/>\nEls coordinadors de la B.E.<\/p>\n<p><a href=\"https:\/\/photos.app.goo.gl\/fpqd1RbrPCghZw1fA\" target=\"_blank\" rel=\"noopener noreferrer\"><img loading=\"lazy\" decoding=\"async\" class=\"alignnone wp-image-5391 size-full\" src=\"http:\/\/agora.xtec.cat\/escjoanardevol\/wp-content\/uploads\/usu550\/2018\/06\/Imagen1-1.jpg\" alt=\"\" width=\"468\" height=\"348\" srcset=\"https:\/\/agora.xtec.cat\/escjoanardevol\/wp-content\/uploads\/usu550\/2018\/06\/Imagen1-1.jpg 468w, https:\/\/agora.xtec.cat\/escjoanardevol\/wp-content\/uploads\/usu550\/2018\/06\/Imagen1-1-300x223.jpg 300w, https:\/\/agora.xtec.cat\/escjoanardevol\/wp-content\/uploads\/usu550\/2018\/06\/Imagen1-1-200x150.jpg 200w\" sizes=\"auto, (max-width: 468px) 100vw, 468px\" \/><\/a><\/p>\n","protected":false},"excerpt":{"rendered":"<p>El 21 de juny , els coordinadors de la biblioteca, hem fet l\u2019entrega dels premis als alumnes guanyadors de les activitats que cada curs organitza la biblioteca de l\u2019escola. El primer premi del Concurs de Lectura ha estat per a la Vega Valle Valle alumna&hellip;  <a href=\"https:\/\/agora.xtec.cat\/escjoanardevol\/portada\/premis-biblioteca-escolar\/\" title=\"Read Premis biblioteca escolar\">Llegeix m\u00e9s\u00bb<\/a><\/p>\n","protected":false},"author":1,"featured_media":5391,"comment_status":"closed","ping_status":"closed","sticky":false,"template":"","format":"standard","meta":{"_bbp_topic_count":0,"_bbp_reply_count":0,"_bbp_total_topic_count":0,"_bbp_total_reply_count":0,"_bbp_voice_count":0,"_bbp_anonymous_reply_count":0,"_bbp_topic_count_hidden":0,"_bbp_reply_count_hidden":0,"_bbp_forum_subforum_count":0,"footnotes":""},"categories":[4],"tags":[59,75,76,77,89,130,133,160,182,187],"class_list":["post-5390","post","type-post","status-publish","format-standard","has-post-thumbnail","hentry","category-portada","tag-activitats","tag-cicle-inicial","tag-cicle-mitja","tag-cicle-superior-2","tag-concursos","tag-lectura","tag-llibres","tag-premis","tag-treball","tag-valors"],"post_mailing_queue_ids":[],"_links":{"self":[{"href":"https:\/\/agora.xtec.cat\/escjoanardevol\/wp-json\/wp\/v2\/posts\/5390","targetHints":{"allow":["GET"]}}],"collection":[{"href":"https:\/\/agora.xtec.cat\/escjoanardevol\/wp-json\/wp\/v2\/posts"}],"about":[{"href":"https:\/\/agora.xtec.cat\/escjoanardevol\/wp-json\/wp\/v2\/types\/post"}],"author":[{"embeddable":true,"href":"https:\/\/agora.xtec.cat\/escjoanardevol\/wp-json\/wp\/v2\/users\/1"}],"replies":[{"embeddable":true,"href":"https:\/\/agora.xtec.cat\/escjoanardevol\/wp-json\/wp\/v2\/comments?post=5390"}],"version-history":[{"count":2,"href":"https:\/\/agora.xtec.cat\/escjoanardevol\/wp-json\/wp\/v2\/posts\/5390\/revisions"}],"predecessor-version":[{"id":5396,"href":"https:\/\/agora.xtec.cat\/escjoanardevol\/wp-json\/wp\/v2\/posts\/5390\/revisions\/5396"}],"wp:featuredmedia":[{"embeddable":true,"href":"https:\/\/agora.xtec.cat\/escjoanardevol\/wp-json\/wp\/v2\/media\/5391"}],"wp:attachment":[{"href":"https:\/\/agora.xtec.cat\/escjoanardevol\/wp-json\/wp\/v2\/media?parent=5390"}],"wp:term":[{"taxonomy":"category","embeddable":true,"href":"https:\/\/agora.xtec.cat\/escjoanardevol\/wp-json\/wp\/v2\/categories?post=5390"},{"taxonomy":"post_tag","embeddable":true,"href":"https:\/\/agora.xtec.cat\/escjoanardevol\/wp-json\/wp\/v2\/tags?post=5390"}],"curies":[{"name":"wp","href":"https:\/\/api.w.org\/{rel}","templated":true}]}}