{"id":5382,"date":"2018-06-14T12:37:47","date_gmt":"2018-06-14T10:37:47","guid":{"rendered":"http:\/\/agora.xtec.cat\/escjoanardevol\/?p=5382"},"modified":"2018-06-14T12:37:47","modified_gmt":"2018-06-14T10:37:47","slug":"p4-els-mitjans-de-transport","status":"publish","type":"post","link":"https:\/\/agora.xtec.cat\/escjoanardevol\/infantil\/p4-els-mitjans-de-transport\/","title":{"rendered":"P4: Els mitjans de transport"},"content":{"rendered":"<p>El passat divendres 8 de juny els nens\u00a0 i les nenes de P4 vam anar al port de Cambrils i vam pujar en un vaixell, tamb\u00e9 vam veure les barques, els iots, les motos d&#8217;aigua i les llanxes. Seguidament vam passar per l&#8217;estaci\u00f3 d&#8217;autobusos i en aquell prec\u00eds moment n&#8217;arribava un. Per acabar la sortida vam anar a l&#8217;estaci\u00f3 de trens i vam veure com la gent comprava els bitllets per pujar al tren, el qual no va trigar gaire a arribar.<br \/>\nVa ser una sortida molt interessant i va significar la cloenda de tot el treball realitzat durant aquest tercer trimestre referent als mitjans de transport.<\/p>\n<p><a href=\"https:\/\/photos.app.goo.gl\/L5tDoLqvvG6PSkHx7\" target=\"_blank\" rel=\"noopener noreferrer\"><img loading=\"lazy\" decoding=\"async\" class=\"alignnone wp-image-5383 size-medium\" src=\"http:\/\/agora.xtec.cat\/escjoanardevol\/wp-content\/uploads\/usu550\/2018\/06\/IMG_5295-c\u00f2pia-300x225.jpg\" alt=\"\" width=\"300\" height=\"225\" srcset=\"https:\/\/agora.xtec.cat\/escjoanardevol\/wp-content\/uploads\/usu550\/2018\/06\/IMG_5295-c\u00f2pia-300x225.jpg 300w, https:\/\/agora.xtec.cat\/escjoanardevol\/wp-content\/uploads\/usu550\/2018\/06\/IMG_5295-c\u00f2pia-768x576.jpg 768w, https:\/\/agora.xtec.cat\/escjoanardevol\/wp-content\/uploads\/usu550\/2018\/06\/IMG_5295-c\u00f2pia-1024x768.jpg 1024w, https:\/\/agora.xtec.cat\/escjoanardevol\/wp-content\/uploads\/usu550\/2018\/06\/IMG_5295-c\u00f2pia-200x150.jpg 200w\" sizes=\"auto, (max-width: 300px) 100vw, 300px\" \/><\/a><\/p>\n","protected":false},"excerpt":{"rendered":"<p>El passat divendres 8 de juny els nens\u00a0 i les nenes de P4 vam anar al port de Cambrils i vam pujar en un vaixell, tamb\u00e9 vam veure les barques, els iots, les motos d&#8217;aigua i les llanxes. Seguidament vam passar per l&#8217;estaci\u00f3 d&#8217;autobusos i&hellip;  <a href=\"https:\/\/agora.xtec.cat\/escjoanardevol\/infantil\/p4-els-mitjans-de-transport\/\" title=\"Read P4: Els mitjans de transport\">Llegeix m\u00e9s\u00bb<\/a><\/p>\n","protected":false},"author":1,"featured_media":5383,"comment_status":"closed","ping_status":"closed","sticky":false,"template":"","format":"standard","meta":{"_bbp_topic_count":0,"_bbp_reply_count":0,"_bbp_total_topic_count":0,"_bbp_total_reply_count":0,"_bbp_voice_count":0,"_bbp_anonymous_reply_count":0,"_bbp_topic_count_hidden":0,"_bbp_reply_count_hidden":0,"_bbp_forum_subforum_count":0,"footnotes":""},"categories":[2,8,4],"tags":[59,69,103,140,16],"class_list":["post-5382","post","type-post","status-publish","format-standard","has-post-thumbnail","hentry","category-infantil","category-p4","category-portada","tag-activitats","tag-cambrils","tag-educacio-infantil","tag-medi","tag-sortides"],"post_mailing_queue_ids":[],"_links":{"self":[{"href":"https:\/\/agora.xtec.cat\/escjoanardevol\/wp-json\/wp\/v2\/posts\/5382","targetHints":{"allow":["GET"]}}],"collection":[{"href":"https:\/\/agora.xtec.cat\/escjoanardevol\/wp-json\/wp\/v2\/posts"}],"about":[{"href":"https:\/\/agora.xtec.cat\/escjoanardevol\/wp-json\/wp\/v2\/types\/post"}],"author":[{"embeddable":true,"href":"https:\/\/agora.xtec.cat\/escjoanardevol\/wp-json\/wp\/v2\/users\/1"}],"replies":[{"embeddable":true,"href":"https:\/\/agora.xtec.cat\/escjoanardevol\/wp-json\/wp\/v2\/comments?post=5382"}],"version-history":[{"count":1,"href":"https:\/\/agora.xtec.cat\/escjoanardevol\/wp-json\/wp\/v2\/posts\/5382\/revisions"}],"predecessor-version":[{"id":5384,"href":"https:\/\/agora.xtec.cat\/escjoanardevol\/wp-json\/wp\/v2\/posts\/5382\/revisions\/5384"}],"wp:featuredmedia":[{"embeddable":true,"href":"https:\/\/agora.xtec.cat\/escjoanardevol\/wp-json\/wp\/v2\/media\/5383"}],"wp:attachment":[{"href":"https:\/\/agora.xtec.cat\/escjoanardevol\/wp-json\/wp\/v2\/media?parent=5382"}],"wp:term":[{"taxonomy":"category","embeddable":true,"href":"https:\/\/agora.xtec.cat\/escjoanardevol\/wp-json\/wp\/v2\/categories?post=5382"},{"taxonomy":"post_tag","embeddable":true,"href":"https:\/\/agora.xtec.cat\/escjoanardevol\/wp-json\/wp\/v2\/tags?post=5382"}],"curies":[{"name":"wp","href":"https:\/\/api.w.org\/{rel}","templated":true}]}}