{"id":5379,"date":"2018-06-12T17:52:37","date_gmt":"2018-06-12T15:52:37","guid":{"rendered":"http:\/\/agora.xtec.cat\/escjoanardevol\/?p=5379"},"modified":"2018-06-15T19:12:14","modified_gmt":"2018-06-15T17:12:14","slug":"consell-de-delegats-juny-2018","status":"publish","type":"post","link":"https:\/\/agora.xtec.cat\/escjoanardevol\/general\/consell-de-delegats-juny-2018\/","title":{"rendered":"Consell de delegats Juny 2018"},"content":{"rendered":"<p>El dia 12 de juny vam fer la darrera reuni\u00f3 del Consell de Delegats del curs 2017\/2018. Aquesta reuni\u00f3 va servir per fer valoraci\u00f3 de les actuacions dutes a terme al llarg del curs, fer rep\u00e0s del que quedava pendent i fixar-nos fites per al proper curs.<\/p>\n<p>Es van tractar diversos aspectes relacionats amb temes pendents i necessitats de millora o reparaci\u00f3 de l&#8217;escola en general. Es va parlar for\u00e7a de l&#8217;estat dels lavabos, del que cal millorar. Els alumnes valoren positivament el temps del pati tot i que demanen m\u00e9s jocs dirigits i millores en la recollida selectiva. De cara al proper curs, tenim molta feina!<\/p>\n<p><a href=\"https:\/\/photos.app.goo.gl\/wP4fY3ZXt8Nb68nX9\" target=\"_blank\" rel=\"noopener noreferrer\"><img loading=\"lazy\" decoding=\"async\" class=\"alignnone wp-image-5380 size-medium\" src=\"http:\/\/agora.xtec.cat\/escjoanardevol\/wp-content\/uploads\/usu550\/2018\/06\/DSC_0029-c\u00f2pia-300x200.jpg\" alt=\"\" width=\"300\" height=\"200\" srcset=\"https:\/\/agora.xtec.cat\/escjoanardevol\/wp-content\/uploads\/usu550\/2018\/06\/DSC_0029-c\u00f2pia-300x200.jpg 300w, https:\/\/agora.xtec.cat\/escjoanardevol\/wp-content\/uploads\/usu550\/2018\/06\/DSC_0029-c\u00f2pia-768x512.jpg 768w, https:\/\/agora.xtec.cat\/escjoanardevol\/wp-content\/uploads\/usu550\/2018\/06\/DSC_0029-c\u00f2pia-1024x683.jpg 1024w, https:\/\/agora.xtec.cat\/escjoanardevol\/wp-content\/uploads\/usu550\/2018\/06\/DSC_0029-c\u00f2pia.jpg 1382w\" sizes=\"auto, (max-width: 300px) 100vw, 300px\" \/><\/a><\/p>\n","protected":false},"excerpt":{"rendered":"<p>El dia 12 de juny vam fer la darrera reuni\u00f3 del Consell de Delegats del curs 2017\/2018. Aquesta reuni\u00f3 va servir per fer valoraci\u00f3 de les actuacions dutes a terme al llarg del curs, fer rep\u00e0s del que quedava pendent i fixar-nos fites per al&hellip;  <a href=\"https:\/\/agora.xtec.cat\/escjoanardevol\/general\/consell-de-delegats-juny-2018\/\" title=\"Read Consell de delegats Juny 2018\">Llegeix m\u00e9s\u00bb<\/a><\/p>\n","protected":false},"author":1,"featured_media":5380,"comment_status":"closed","ping_status":"closed","sticky":false,"template":"","format":"standard","meta":{"_bbp_topic_count":0,"_bbp_reply_count":0,"_bbp_total_topic_count":0,"_bbp_total_reply_count":0,"_bbp_voice_count":0,"_bbp_anonymous_reply_count":0,"_bbp_topic_count_hidden":0,"_bbp_reply_count_hidden":0,"_bbp_forum_subforum_count":0,"footnotes":""},"categories":[206,1,2,4,5],"tags":[59,75,76,77,91,93,94,103,108,164],"class_list":["post-5379","post","type-post","status-publish","format-standard","has-post-thumbnail","hentry","category-verda","category-general","category-infantil","category-portada","category-primaria","tag-activitats","tag-cicle-inicial","tag-cicle-mitja","tag-cicle-superior-2","tag-consell-de-delegats","tag-convivencia","tag-cooperacio","tag-educacio-infantil","tag-escola-verda","tag-reciclatge"],"post_mailing_queue_ids":[],"_links":{"self":[{"href":"https:\/\/agora.xtec.cat\/escjoanardevol\/wp-json\/wp\/v2\/posts\/5379","targetHints":{"allow":["GET"]}}],"collection":[{"href":"https:\/\/agora.xtec.cat\/escjoanardevol\/wp-json\/wp\/v2\/posts"}],"about":[{"href":"https:\/\/agora.xtec.cat\/escjoanardevol\/wp-json\/wp\/v2\/types\/post"}],"author":[{"embeddable":true,"href":"https:\/\/agora.xtec.cat\/escjoanardevol\/wp-json\/wp\/v2\/users\/1"}],"replies":[{"embeddable":true,"href":"https:\/\/agora.xtec.cat\/escjoanardevol\/wp-json\/wp\/v2\/comments?post=5379"}],"version-history":[{"count":2,"href":"https:\/\/agora.xtec.cat\/escjoanardevol\/wp-json\/wp\/v2\/posts\/5379\/revisions"}],"predecessor-version":[{"id":5385,"href":"https:\/\/agora.xtec.cat\/escjoanardevol\/wp-json\/wp\/v2\/posts\/5379\/revisions\/5385"}],"wp:featuredmedia":[{"embeddable":true,"href":"https:\/\/agora.xtec.cat\/escjoanardevol\/wp-json\/wp\/v2\/media\/5380"}],"wp:attachment":[{"href":"https:\/\/agora.xtec.cat\/escjoanardevol\/wp-json\/wp\/v2\/media?parent=5379"}],"wp:term":[{"taxonomy":"category","embeddable":true,"href":"https:\/\/agora.xtec.cat\/escjoanardevol\/wp-json\/wp\/v2\/categories?post=5379"},{"taxonomy":"post_tag","embeddable":true,"href":"https:\/\/agora.xtec.cat\/escjoanardevol\/wp-json\/wp\/v2\/tags?post=5379"}],"curies":[{"name":"wp","href":"https:\/\/api.w.org\/{rel}","templated":true}]}}