{"id":5367,"date":"2018-05-25T17:04:11","date_gmt":"2018-05-25T15:04:11","guid":{"rendered":"http:\/\/agora.xtec.cat\/escjoanardevol\/?p=5367"},"modified":"2018-05-25T17:04:11","modified_gmt":"2018-05-25T15:04:11","slug":"colonies-de-sise-2","status":"publish","type":"post","link":"https:\/\/agora.xtec.cat\/escjoanardevol\/general\/colonies-de-sise-2\/","title":{"rendered":"Col\u00f2nies de sis\u00e8."},"content":{"rendered":"<p>Els alumnes de sis\u00e8 vam anar de col\u00f2nies a Can Putxet (Sant Celoni) els dies 16, 17 i 18 de maig. All\u00e0, a part de gaudir de la natura, vam realitzar unes activitats molt divertides: Paintball, escalada, BTT, quads, reptes\u2026Tamb\u00e9 vam ballar de valent a la discoteca.<\/p>\n<p>Van ser uns dies inoblidables en un entorn fant\u00e0stic (Montseny) i en molt bona companyia.<\/p>\n<p><a href=\"https:\/\/photos.google.com\/share\/AF1QipNJeC3Q_lAmFr4ivKTpulef3NFHEnvEU8MQa0d4sG5SXfJ78uqbHrJUuZ8lNo5_aA?key=bWtLdlV2YmpzM2VETDAxZWs5ajhyWUF1R1VxUFBn\" target=\"_blank\" rel=\"noopener noreferrer\"><img loading=\"lazy\" decoding=\"async\" class=\"alignnone wp-image-5368 size-medium\" src=\"http:\/\/agora.xtec.cat\/escjoanardevol\/wp-content\/uploads\/usu550\/2018\/05\/20180516_084713-C\u00f2pia-300x169.jpg\" alt=\"\" width=\"300\" height=\"169\" srcset=\"https:\/\/agora.xtec.cat\/escjoanardevol\/wp-content\/uploads\/usu550\/2018\/05\/20180516_084713-C\u00f2pia-300x169.jpg 300w, https:\/\/agora.xtec.cat\/escjoanardevol\/wp-content\/uploads\/usu550\/2018\/05\/20180516_084713-C\u00f2pia-768x432.jpg 768w, https:\/\/agora.xtec.cat\/escjoanardevol\/wp-content\/uploads\/usu550\/2018\/05\/20180516_084713-C\u00f2pia-1024x576.jpg 1024w, https:\/\/agora.xtec.cat\/escjoanardevol\/wp-content\/uploads\/usu550\/2018\/05\/20180516_084713-C\u00f2pia.jpg 1328w\" sizes=\"auto, (max-width: 300px) 100vw, 300px\" \/><\/a><\/p>\n","protected":false},"excerpt":{"rendered":"<p>Els alumnes de sis\u00e8 vam anar de col\u00f2nies a Can Putxet (Sant Celoni) els dies 16, 17 i 18 de maig. All\u00e0, a part de gaudir de la natura, vam realitzar unes activitats molt divertides: Paintball, escalada, BTT, quads, reptes\u2026Tamb\u00e9 vam ballar de valent a&hellip;  <a href=\"https:\/\/agora.xtec.cat\/escjoanardevol\/general\/colonies-de-sise-2\/\" title=\"Read Col\u00f2nies de sis\u00e8.\">Llegeix m\u00e9s\u00bb<\/a><\/p>\n","protected":false},"author":33,"featured_media":5368,"comment_status":"closed","ping_status":"closed","sticky":false,"template":"","format":"standard","meta":{"_bbp_topic_count":0,"_bbp_reply_count":0,"_bbp_total_topic_count":0,"_bbp_total_reply_count":0,"_bbp_voice_count":0,"_bbp_anonymous_reply_count":0,"_bbp_topic_count_hidden":0,"_bbp_reply_count_hidden":0,"_bbp_forum_subforum_count":0,"footnotes":""},"categories":[15,1,4],"tags":[59,77,93,16],"class_list":["post-5367","post","type-post","status-publish","format-standard","has-post-thumbnail","hentry","category-6e","category-general","category-portada","tag-activitats","tag-cicle-superior-2","tag-convivencia","tag-sortides"],"post_mailing_queue_ids":[],"_links":{"self":[{"href":"https:\/\/agora.xtec.cat\/escjoanardevol\/wp-json\/wp\/v2\/posts\/5367","targetHints":{"allow":["GET"]}}],"collection":[{"href":"https:\/\/agora.xtec.cat\/escjoanardevol\/wp-json\/wp\/v2\/posts"}],"about":[{"href":"https:\/\/agora.xtec.cat\/escjoanardevol\/wp-json\/wp\/v2\/types\/post"}],"author":[{"embeddable":true,"href":"https:\/\/agora.xtec.cat\/escjoanardevol\/wp-json\/wp\/v2\/users\/33"}],"replies":[{"embeddable":true,"href":"https:\/\/agora.xtec.cat\/escjoanardevol\/wp-json\/wp\/v2\/comments?post=5367"}],"version-history":[{"count":1,"href":"https:\/\/agora.xtec.cat\/escjoanardevol\/wp-json\/wp\/v2\/posts\/5367\/revisions"}],"predecessor-version":[{"id":5369,"href":"https:\/\/agora.xtec.cat\/escjoanardevol\/wp-json\/wp\/v2\/posts\/5367\/revisions\/5369"}],"wp:featuredmedia":[{"embeddable":true,"href":"https:\/\/agora.xtec.cat\/escjoanardevol\/wp-json\/wp\/v2\/media\/5368"}],"wp:attachment":[{"href":"https:\/\/agora.xtec.cat\/escjoanardevol\/wp-json\/wp\/v2\/media?parent=5367"}],"wp:term":[{"taxonomy":"category","embeddable":true,"href":"https:\/\/agora.xtec.cat\/escjoanardevol\/wp-json\/wp\/v2\/categories?post=5367"},{"taxonomy":"post_tag","embeddable":true,"href":"https:\/\/agora.xtec.cat\/escjoanardevol\/wp-json\/wp\/v2\/tags?post=5367"}],"curies":[{"name":"wp","href":"https:\/\/api.w.org\/{rel}","templated":true}]}}