{"id":5360,"date":"2018-05-30T15:00:34","date_gmt":"2018-05-30T13:00:34","guid":{"rendered":"http:\/\/agora.xtec.cat\/escjoanardevol\/?p=5360"},"modified":"2018-05-30T15:10:53","modified_gmt":"2018-05-30T13:10:53","slug":"aprenem-a-dir-no-2","status":"publish","type":"post","link":"https:\/\/agora.xtec.cat\/escjoanardevol\/general\/aprenem-a-dir-no-2\/","title":{"rendered":"Aprenem a dir NO"},"content":{"rendered":"<p>Aprofitant el nostre projecte, fa uns dies els alumnes de 6\u00e8 vam fer un taller molt interessant sobre el tabac durant el qual ens van explicar els components d&#8217;una cigarreta i com aquests afecten\u00a0a les persones, tan si s\u00f3n fumadores actives com passives.<\/p>\n<p><a href=\"http:\/\/agora.xtec.cat\/escjoanardevol\/wp-content\/uploads\/usu550\/2018\/05\/52f3d2f8370af.image_-760x600.jpg\"><img loading=\"lazy\" decoding=\"async\" class=\"wp-image-5365 aligncenter\" src=\"http:\/\/agora.xtec.cat\/escjoanardevol\/wp-content\/uploads\/usu550\/2018\/05\/52f3d2f8370af.image_-760x600.jpg\" alt=\"\" width=\"252\" height=\"199\" srcset=\"https:\/\/agora.xtec.cat\/escjoanardevol\/wp-content\/uploads\/usu550\/2018\/05\/52f3d2f8370af.image_-760x600.jpg 760w, https:\/\/agora.xtec.cat\/escjoanardevol\/wp-content\/uploads\/usu550\/2018\/05\/52f3d2f8370af.image_-760x600-300x237.jpg 300w\" sizes=\"auto, (max-width: 252px) 100vw, 252px\" \/><\/a><\/p>\n<p>Pregunteu-nos (als vostres fills i filles) qu\u00e8 ens va semblar i qu\u00e8 us en podem explicar.<\/p>\n<p>L&#8217;objectiu de l&#8217;activitat era tenir la informaci\u00f3 i aprendre el coneixement necessari per saber prendre la decisi\u00f3 adequada en el moment oport\u00fa.<\/p>\n<p>Aqu\u00ed teniu algunes <a href=\"https:\/\/photos.app.goo.gl\/VcrKhv0xGb3SXH9x1\">imatges<\/a> del taller.<\/p>\n","protected":false},"excerpt":{"rendered":"<p>Aprofitant el nostre projecte, fa uns dies els alumnes de 6\u00e8 vam fer un taller molt interessant sobre el tabac durant el qual ens van explicar els components d&#8217;una cigarreta i com aquests afecten\u00a0a les persones, tan si s\u00f3n fumadores actives com passives.<br \/>\n<a href=\"http:\/\/agora.xtec.cat\/escjoanardevol\/wp-content\/uploads\/usu550\/2018\/05\/52f3d2f8370af.image_-760x600.jpg\"><\/a><br \/>\nPregunteu-nos (als&hellip;  <a href=\"https:\/\/agora.xtec.cat\/escjoanardevol\/general\/aprenem-a-dir-no-2\/\" title=\"Read Aprenem a dir NO\">Llegeix m\u00e9s\u00bb<\/a><\/p>\n","protected":false},"author":1,"featured_media":5365,"comment_status":"closed","ping_status":"closed","sticky":false,"template":"","format":"standard","meta":{"_bbp_topic_count":0,"_bbp_reply_count":0,"_bbp_total_topic_count":0,"_bbp_total_reply_count":0,"_bbp_voice_count":0,"_bbp_anonymous_reply_count":0,"_bbp_topic_count_hidden":0,"_bbp_reply_count_hidden":0,"_bbp_forum_subforum_count":0,"footnotes":""},"categories":[15,1,4,220],"tags":[59,77,108,140,167,187],"class_list":["post-5360","post","type-post","status-publish","format-standard","has-post-thumbnail","hentry","category-6e","category-general","category-portada","category-tecnologia-i-salut-17-18","tag-activitats","tag-cicle-superior-2","tag-escola-verda","tag-medi","tag-salut","tag-valors"],"post_mailing_queue_ids":[],"_links":{"self":[{"href":"https:\/\/agora.xtec.cat\/escjoanardevol\/wp-json\/wp\/v2\/posts\/5360","targetHints":{"allow":["GET"]}}],"collection":[{"href":"https:\/\/agora.xtec.cat\/escjoanardevol\/wp-json\/wp\/v2\/posts"}],"about":[{"href":"https:\/\/agora.xtec.cat\/escjoanardevol\/wp-json\/wp\/v2\/types\/post"}],"author":[{"embeddable":true,"href":"https:\/\/agora.xtec.cat\/escjoanardevol\/wp-json\/wp\/v2\/users\/1"}],"replies":[{"embeddable":true,"href":"https:\/\/agora.xtec.cat\/escjoanardevol\/wp-json\/wp\/v2\/comments?post=5360"}],"version-history":[{"count":2,"href":"https:\/\/agora.xtec.cat\/escjoanardevol\/wp-json\/wp\/v2\/posts\/5360\/revisions"}],"predecessor-version":[{"id":5366,"href":"https:\/\/agora.xtec.cat\/escjoanardevol\/wp-json\/wp\/v2\/posts\/5360\/revisions\/5366"}],"wp:featuredmedia":[{"embeddable":true,"href":"https:\/\/agora.xtec.cat\/escjoanardevol\/wp-json\/wp\/v2\/media\/5365"}],"wp:attachment":[{"href":"https:\/\/agora.xtec.cat\/escjoanardevol\/wp-json\/wp\/v2\/media?parent=5360"}],"wp:term":[{"taxonomy":"category","embeddable":true,"href":"https:\/\/agora.xtec.cat\/escjoanardevol\/wp-json\/wp\/v2\/categories?post=5360"},{"taxonomy":"post_tag","embeddable":true,"href":"https:\/\/agora.xtec.cat\/escjoanardevol\/wp-json\/wp\/v2\/tags?post=5360"}],"curies":[{"name":"wp","href":"https:\/\/api.w.org\/{rel}","templated":true}]}}